{"id":559,"date":"2017-09-26T20:30:53","date_gmt":"2017-09-26T19:30:53","guid":{"rendered":"http:\/\/www.coherens.com\/?p=559"},"modified":"2017-10-19T09:33:52","modified_gmt":"2017-10-19T08:33:52","slug":"direct-de-montreal-agir-valeurs-culture-engager-esprits-coeurs","status":"publish","type":"post","link":"https:\/\/www.coherens.com\/index.php\/2017\/09\/26\/direct-de-montreal-agir-valeurs-culture-engager-esprits-coeurs\/","title":{"rendered":"En direct de Montr\u00e9al, agir sur les valeurs et la culture pour engager les esprits et les coeurs"},"content":{"rendered":"<p><strong><span style=\"color: #000000;\">Les r\u00e9sultats de vos sondages sur l\u2019engagement des employ\u00e9s vous d\u00e9\u00e7oivent ? Vous avez l\u2019impression d\u2019avoir atteint un plateau que vous n\u2019arrivez pas \u00e0 d\u00e9passer ?\u00a0 <\/span><\/strong><\/p>\n<p>L&rsquo;engagement, c&rsquo;est le <span style=\"color: #333399;\"><strong><img loading=\"lazy\" decoding=\"async\" class=\"wp-image-561 alignleft\" src=\"http:\/\/www.coherens.com\/wp-content\/uploads\/2017\/10\/Emotions-Engagement-217x300.jpg\" alt=\"\" width=\"143\" height=\"197\" srcset=\"https:\/\/www.coherens.com\/wp-content\/uploads\/2017\/10\/Emotions-Engagement-217x300.jpg 217w, https:\/\/www.coherens.com\/wp-content\/uploads\/2017\/10\/Emotions-Engagement.jpg 329w\" sizes=\"(max-width: 143px) 100vw, 143px\" \/><\/strong><\/span>th\u00e8me de l&rsquo;atelier que je viens d&rsquo;animer ici \u00e0 Montr\u00e9al, dans le cadre du Congr\u00e8s RH.<br \/>\nSi l&rsquo;on consid\u00e8re que l&rsquo;engagement est d\u00e9fini par \u00ab\u00a0l&rsquo;extra-mile\u00a0\u00bb que les salari\u00e9s sont pr\u00eats \u00e0 faire, on entre dans une logique de mouvement.<br \/>\nEt, gr\u00e2ce aux neurosciences, nous savons que ce sont les \u00e9motions qui nous mettent en mouvement, et que derri\u00e8re nos \u00e9motions se cachent nos besoins fondamentaux et ce \u00e0 quoi nous accordons de la valeur.<br \/>\nOr aujourd&rsquo;hui, la majorit\u00e9 des enqu\u00eates d\u2019engagement s&rsquo;adresse exclusivement \u00e0 nos esprits, \u00e0 notre cerveau rationnel, et cette pratique est devenue notre limite.<br \/>\nMesurons ce qui compte vraiment pour nos collaborateurs, accordons de la place \u00e0 leurs valeurs et nous pourrons compter sur leur engagement \u00e0 faire ce qui compte pour l&rsquo;entreprise.<\/p>\n<p>C&rsquo;est ce que montre Richard Barrett dans son livre <a href=\"http:\/\/www.coherens.com\/index.php\/2017\/03\/12\/lentreprise-inspiree-valeurs\/\" target=\"_blank\" rel=\"noopener\">L&rsquo;entreprise inspir\u00e9e par les valeurs<\/a>\u00a0 &#8211; Page 62 -(deboeck superieur &#8211; 2016)<\/p>\n<p><em>Le graphique suivant (figure 2.1) illustre la relation entre l&rsquo;entropie culturelle et l&rsquo;engagement des salari\u00e9s mesur\u00e9e dans 163 organ<\/em><em>isations en Australie et en Nouvelle Z\u00e9lande dans un projet de recherche conjoint r\u00e9alis\u00e9 par Barrett Values Centre et Hewitt Associates en juin 2008. Les r\u00e9sultats de cette \u00e9tude montrent que l&rsquo;entropie culturelle et l&rsquo;engagement des salari\u00e9s sont en forte corr\u00e9lation n\u00e9gative\u00a0: les entreprises avec une entropie culturelle faible connaissent un fort engagement des salari\u00e9s alors que les entreprises avec une entropie culturelle \u00e9lev\u00e9e ont un engagement faible des salari\u00e9s<\/em>.<\/p>\n<p><img loading=\"lazy\" decoding=\"async\" class=\"wp-image-593  aligncenter\" src=\"http:\/\/www.coherens.com\/wp-content\/uploads\/2017\/09\/entropie-et-engagement.png\" alt=\"\" width=\"376\" height=\"226\" srcset=\"https:\/\/www.coherens.com\/wp-content\/uploads\/2017\/09\/entropie-et-engagement.png 821w, https:\/\/www.coherens.com\/wp-content\/uploads\/2017\/09\/entropie-et-engagement-300x180.png 300w, https:\/\/www.coherens.com\/wp-content\/uploads\/2017\/09\/entropie-et-engagement-768x461.png 768w\" sizes=\"(max-width: 376px) 100vw, 376px\" \/><\/p>\n<p>&nbsp;<\/p>\n<p><a href=\"http:\/\/www.coherens.com\/index.php\/2017\/06\/04\/conjuguer-engagement-intellectuel-engagement-emotionnel-bernadette-lecerf-thomas\/\" target=\"_blank\" rel=\"noopener\">Une autre approche du sujet par les neurosciences gr\u00e2ce \u00e0 Bernadette Lecerf-Thomas,<\/a><\/p>\n","protected":false},"excerpt":{"rendered":"<p>Les r\u00e9sultats de vos sondages sur l\u2019engagement des employ\u00e9s vous d\u00e9\u00e7oivent ? Vous avez l\u2019impression d\u2019avoir atteint un plateau que vous n\u2019arrivez pas \u00e0 d\u00e9passer ?\u00a0 L&rsquo;engagement, c&rsquo;est le th\u00e8me de l&rsquo;atelier que je viens d&rsquo;animer ici \u00e0 Montr\u00e9al, dans le cadre du Congr\u00e8s RH. Si l&rsquo;on consid\u00e8re que l&rsquo;engagement est d\u00e9fini par \u00ab\u00a0l&rsquo;extra-mile\u00a0\u00bb que &hellip; <\/p>\n<p><a class=\"more-link btn\" href=\"https:\/\/www.coherens.com\/index.php\/2017\/09\/26\/direct-de-montreal-agir-valeurs-culture-engager-esprits-coeurs\/\">Lire la suite<\/a><\/p>\n","protected":false},"author":1,"featured_media":0,"comment_status":"closed","ping_status":"open","sticky":false,"template":"","format":"standard","meta":{"footnotes":""},"categories":[49,5,9],"tags":[47,51,10,15],"class_list":["post-559","post","type-post","status-publish","format-standard","hentry","category-culture-organisationnelle","category-rh","category-transformation","tag-emotions","tag-engagement","tag-neurosciences","tag-valeurs","item-wrap"],"yoast_head":"<!-- This site is optimized with the Yoast SEO plugin v14.9 - https:\/\/yoast.com\/wordpress\/plugins\/seo\/ -->\n<title>En direct de Montr\u00e9al, agir sur les valeurs et la culture pour engager les esprits et les coeurs - COHeRenS<\/title>\n<meta name=\"robots\" content=\"index, follow, max-snippet:-1, max-image-preview:large, max-video-preview:-1\" \/>\n<link rel=\"canonical\" href=\"http:\/\/www.coherens.com\/index.php\/2017\/09\/26\/direct-de-montreal-agir-valeurs-culture-engager-esprits-coeurs\/\" \/>\n<meta property=\"og:locale\" content=\"fr_FR\" \/>\n<meta property=\"og:type\" content=\"article\" \/>\n<meta property=\"og:title\" content=\"En direct de Montr\u00e9al, agir sur les valeurs et la culture pour engager les esprits et les coeurs - COHeRenS\" \/>\n<meta property=\"og:description\" content=\"Les r\u00e9sultats de vos sondages sur l\u2019engagement des employ\u00e9s vous d\u00e9\u00e7oivent ? Vous avez l\u2019impression d\u2019avoir atteint un plateau que vous n\u2019arrivez pas \u00e0 d\u00e9passer ?\u00a0 L&rsquo;engagement, c&rsquo;est le th\u00e8me de l&rsquo;atelier que je viens d&rsquo;animer ici \u00e0 Montr\u00e9al, dans le cadre du Congr\u00e8s RH. Si l&rsquo;on consid\u00e8re que l&rsquo;engagement est d\u00e9fini par \u00ab\u00a0l&rsquo;extra-mile\u00a0\u00bb que &hellip; Lire la suite\" \/>\n<meta property=\"og:url\" content=\"http:\/\/www.coherens.com\/index.php\/2017\/09\/26\/direct-de-montreal-agir-valeurs-culture-engager-esprits-coeurs\/\" \/>\n<meta property=\"og:site_name\" content=\"COHeRenS\" \/>\n<meta property=\"article:published_time\" content=\"2017-09-26T19:30:53+00:00\" \/>\n<meta property=\"article:modified_time\" content=\"2017-10-19T08:33:52+00:00\" \/>\n<meta property=\"og:image\" content=\"http:\/\/www.coherens.com\/wp-content\/uploads\/2017\/10\/Emotions-Engagement-217x300.jpg\" \/>\n<meta name=\"twitter:card\" content=\"summary\" \/>\n<meta name=\"twitter:creator\" content=\"@bdubreucq\" \/>\n<meta name=\"twitter:site\" content=\"@bdubreucq\" \/>\n<script type=\"application\/ld+json\" class=\"yoast-schema-graph\">{\"@context\":\"https:\/\/schema.org\",\"@graph\":[{\"@type\":\"WebSite\",\"@id\":\"https:\/\/www.coherens.com\/#website\",\"url\":\"https:\/\/www.coherens.com\/\",\"name\":\"COHeRenS\",\"description\":\"LE POTENTIEL HUMAIN AU COEUR DE VOTRE PERFORMANCE\",\"potentialAction\":[{\"@type\":\"SearchAction\",\"target\":\"https:\/\/www.coherens.com\/?s={search_term_string}\",\"query-input\":\"required name=search_term_string\"}],\"inLanguage\":\"fr-FR\"},{\"@type\":\"ImageObject\",\"@id\":\"http:\/\/www.coherens.com\/index.php\/2017\/09\/26\/direct-de-montreal-agir-valeurs-culture-engager-esprits-coeurs\/#primaryimage\",\"inLanguage\":\"fr-FR\",\"url\":\"http:\/\/www.coherens.com\/wp-content\/uploads\/2017\/10\/Emotions-Engagement-217x300.jpg\"},{\"@type\":\"WebPage\",\"@id\":\"http:\/\/www.coherens.com\/index.php\/2017\/09\/26\/direct-de-montreal-agir-valeurs-culture-engager-esprits-coeurs\/#webpage\",\"url\":\"http:\/\/www.coherens.com\/index.php\/2017\/09\/26\/direct-de-montreal-agir-valeurs-culture-engager-esprits-coeurs\/\",\"name\":\"En direct de Montr\\u00e9al, agir sur les valeurs et la culture pour engager les esprits et les coeurs - COHeRenS\",\"isPartOf\":{\"@id\":\"https:\/\/www.coherens.com\/#website\"},\"primaryImageOfPage\":{\"@id\":\"http:\/\/www.coherens.com\/index.php\/2017\/09\/26\/direct-de-montreal-agir-valeurs-culture-engager-esprits-coeurs\/#primaryimage\"},\"datePublished\":\"2017-09-26T19:30:53+00:00\",\"dateModified\":\"2017-10-19T08:33:52+00:00\",\"author\":{\"@id\":\"https:\/\/www.coherens.com\/#\/schema\/person\/d31471db904c4a8b9015b67b90914574\"},\"inLanguage\":\"fr-FR\",\"potentialAction\":[{\"@type\":\"ReadAction\",\"target\":[\"http:\/\/www.coherens.com\/index.php\/2017\/09\/26\/direct-de-montreal-agir-valeurs-culture-engager-esprits-coeurs\/\"]}]},{\"@type\":\"Person\",\"@id\":\"https:\/\/www.coherens.com\/#\/schema\/person\/d31471db904c4a8b9015b67b90914574\",\"name\":\"bdubreucq\",\"image\":{\"@type\":\"ImageObject\",\"@id\":\"https:\/\/www.coherens.com\/#personlogo\",\"inLanguage\":\"fr-FR\",\"url\":\"https:\/\/secure.gravatar.com\/avatar\/37c61d45de5b0a90ae7fa6eb6e59c906?s=96&d=mm&r=g\",\"caption\":\"bdubreucq\"}}]}<\/script>\n<!-- \/ Yoast SEO plugin. -->","_links":{"self":[{"href":"https:\/\/www.coherens.com\/index.php\/wp-json\/wp\/v2\/posts\/559"}],"collection":[{"href":"https:\/\/www.coherens.com\/index.php\/wp-json\/wp\/v2\/posts"}],"about":[{"href":"https:\/\/www.coherens.com\/index.php\/wp-json\/wp\/v2\/types\/post"}],"author":[{"embeddable":true,"href":"https:\/\/www.coherens.com\/index.php\/wp-json\/wp\/v2\/users\/1"}],"replies":[{"embeddable":true,"href":"https:\/\/www.coherens.com\/index.php\/wp-json\/wp\/v2\/comments?post=559"}],"version-history":[{"count":7,"href":"https:\/\/www.coherens.com\/index.php\/wp-json\/wp\/v2\/posts\/559\/revisions"}],"predecessor-version":[{"id":595,"href":"https:\/\/www.coherens.com\/index.php\/wp-json\/wp\/v2\/posts\/559\/revisions\/595"}],"wp:attachment":[{"href":"https:\/\/www.coherens.com\/index.php\/wp-json\/wp\/v2\/media?parent=559"}],"wp:term":[{"taxonomy":"category","embeddable":true,"href":"https:\/\/www.coherens.com\/index.php\/wp-json\/wp\/v2\/categories?post=559"},{"taxonomy":"post_tag","embeddable":true,"href":"https:\/\/www.coherens.com\/index.php\/wp-json\/wp\/v2\/tags?post=559"}],"curies":[{"name":"wp","href":"https:\/\/api.w.org\/{rel}","templated":true}]}}