{"id":429,"date":"2016-10-20T12:19:19","date_gmt":"2016-10-20T11:19:19","guid":{"rendered":"http:\/\/www.coherens.com\/?p=429"},"modified":"2016-10-20T12:25:44","modified_gmt":"2016-10-20T11:25:44","slug":"alliance-francophone-valeurs-worldvaluesday","status":"publish","type":"post","link":"https:\/\/www.coherens.com\/index.php\/2016\/10\/20\/alliance-francophone-valeurs-worldvaluesday\/","title":{"rendered":"Alliance francophone pour les valeurs #WorldValuesDay"},"content":{"rendered":"<p>Cette journ\u00e9e #WorldValuesDay a \u00e9t\u00e9 cr\u00e9\u00e9e par nos amis du Royaume Uni, regroup\u00e9s sous la banni\u00e8re de la \u00ab\u00a0UK Values Alliance\u00a0\u00bb. D&rsquo;autres \u00ab\u00a0alliances\u00a0\u00bb existent ailleurs dans le monde et nous avons \u00e9t\u00e9 accueillis lors de la Conf\u00e9rence du Barrett Values Centre \u00e0 Toronto par\u00a0la Canadian Values Alliance, qui parle dans les deux langues, l&rsquo;anglais et le fran\u00e7ais.<\/p>\n<p>Et j&rsquo;ai le plaisir de vous annoncer la naissance\u00a0de <strong>l&rsquo;Alliance francophone pour les valeurs<\/strong>,\u00a0elle a vocation \u00e0 rassembler, au-del\u00e0 des fronti\u00e8res, toutes celles et tous ceux qui,\u00a0francophones du monde entier, se mobilisent pour que notre soci\u00e9t\u00e9, nos entreprises soient inspir\u00e9es par des valeurs qui rassemblent.<\/p>\n<p>Tout est \u00e0 construire.<br \/>\nJe vous attends nombreux, nombreuses pour relever ce challenge de partager en fran\u00e7ais ce que nous faisons au service d&rsquo;un monde inspir\u00e9 par des valeurs communes.<\/p>\n<p>Pour prendre contact : brigitte.dubreucq@coherens.com<\/p>\n","protected":false},"excerpt":{"rendered":"<p>Cette journ\u00e9e #WorldValuesDay a \u00e9t\u00e9 cr\u00e9\u00e9e par nos amis du Royaume Uni, regroup\u00e9s sous la banni\u00e8re de la \u00ab\u00a0UK Values Alliance\u00a0\u00bb. D&rsquo;autres \u00ab\u00a0alliances\u00a0\u00bb existent ailleurs dans le monde et nous avons \u00e9t\u00e9 accueillis lors de la Conf\u00e9rence du Barrett Values Centre \u00e0 Toronto par\u00a0la Canadian Values Alliance, qui parle dans les deux langues, l&rsquo;anglais et &hellip; <\/p>\n<p><a class=\"more-link btn\" href=\"https:\/\/www.coherens.com\/index.php\/2016\/10\/20\/alliance-francophone-valeurs-worldvaluesday\/\">Lire la suite<\/a><\/p>\n","protected":false},"author":1,"featured_media":0,"comment_status":"closed","ping_status":"open","sticky":false,"template":"","format":"standard","meta":{"footnotes":""},"categories":[49,9],"tags":[18,15],"class_list":["post-429","post","type-post","status-publish","format-standard","hentry","category-culture-organisationnelle","category-transformation","tag-barrett","tag-valeurs","item-wrap"],"yoast_head":"<!-- This site is optimized with the Yoast SEO plugin v14.9 - https:\/\/yoast.com\/wordpress\/plugins\/seo\/ -->\n<title>Alliance francophone pour les valeurs #WorldValuesDay - COHeRenS<\/title>\n<meta name=\"robots\" content=\"index, follow, max-snippet:-1, max-image-preview:large, max-video-preview:-1\" \/>\n<link rel=\"canonical\" href=\"http:\/\/www.coherens.com\/index.php\/2016\/10\/20\/alliance-francophone-valeurs-worldvaluesday\/\" \/>\n<meta property=\"og:locale\" content=\"fr_FR\" \/>\n<meta property=\"og:type\" content=\"article\" \/>\n<meta property=\"og:title\" content=\"Alliance francophone pour les valeurs #WorldValuesDay - COHeRenS\" \/>\n<meta property=\"og:description\" content=\"Cette journ\u00e9e #WorldValuesDay a \u00e9t\u00e9 cr\u00e9\u00e9e par nos amis du Royaume Uni, regroup\u00e9s sous la banni\u00e8re de la \u00ab\u00a0UK Values Alliance\u00a0\u00bb. D&rsquo;autres \u00ab\u00a0alliances\u00a0\u00bb existent ailleurs dans le monde et nous avons \u00e9t\u00e9 accueillis lors de la Conf\u00e9rence du Barrett Values Centre \u00e0 Toronto par\u00a0la Canadian Values Alliance, qui parle dans les deux langues, l&rsquo;anglais et &hellip; Lire la suite\" \/>\n<meta property=\"og:url\" content=\"http:\/\/www.coherens.com\/index.php\/2016\/10\/20\/alliance-francophone-valeurs-worldvaluesday\/\" \/>\n<meta property=\"og:site_name\" content=\"COHeRenS\" \/>\n<meta property=\"article:published_time\" content=\"2016-10-20T11:19:19+00:00\" \/>\n<meta property=\"article:modified_time\" content=\"2016-10-20T11:25:44+00:00\" \/>\n<meta name=\"twitter:card\" content=\"summary\" \/>\n<meta name=\"twitter:creator\" content=\"@bdubreucq\" \/>\n<meta name=\"twitter:site\" content=\"@bdubreucq\" \/>\n<script type=\"application\/ld+json\" class=\"yoast-schema-graph\">{\"@context\":\"https:\/\/schema.org\",\"@graph\":[{\"@type\":\"WebSite\",\"@id\":\"https:\/\/www.coherens.com\/#website\",\"url\":\"https:\/\/www.coherens.com\/\",\"name\":\"COHeRenS\",\"description\":\"LE POTENTIEL HUMAIN AU COEUR DE VOTRE PERFORMANCE\",\"potentialAction\":[{\"@type\":\"SearchAction\",\"target\":\"https:\/\/www.coherens.com\/?s={search_term_string}\",\"query-input\":\"required name=search_term_string\"}],\"inLanguage\":\"fr-FR\"},{\"@type\":\"WebPage\",\"@id\":\"http:\/\/www.coherens.com\/index.php\/2016\/10\/20\/alliance-francophone-valeurs-worldvaluesday\/#webpage\",\"url\":\"http:\/\/www.coherens.com\/index.php\/2016\/10\/20\/alliance-francophone-valeurs-worldvaluesday\/\",\"name\":\"Alliance francophone pour les valeurs #WorldValuesDay - COHeRenS\",\"isPartOf\":{\"@id\":\"https:\/\/www.coherens.com\/#website\"},\"datePublished\":\"2016-10-20T11:19:19+00:00\",\"dateModified\":\"2016-10-20T11:25:44+00:00\",\"author\":{\"@id\":\"https:\/\/www.coherens.com\/#\/schema\/person\/d31471db904c4a8b9015b67b90914574\"},\"inLanguage\":\"fr-FR\",\"potentialAction\":[{\"@type\":\"ReadAction\",\"target\":[\"http:\/\/www.coherens.com\/index.php\/2016\/10\/20\/alliance-francophone-valeurs-worldvaluesday\/\"]}]},{\"@type\":\"Person\",\"@id\":\"https:\/\/www.coherens.com\/#\/schema\/person\/d31471db904c4a8b9015b67b90914574\",\"name\":\"bdubreucq\",\"image\":{\"@type\":\"ImageObject\",\"@id\":\"https:\/\/www.coherens.com\/#personlogo\",\"inLanguage\":\"fr-FR\",\"url\":\"https:\/\/secure.gravatar.com\/avatar\/37c61d45de5b0a90ae7fa6eb6e59c906?s=96&d=mm&r=g\",\"caption\":\"bdubreucq\"}}]}<\/script>\n<!-- \/ Yoast SEO plugin. -->","_links":{"self":[{"href":"https:\/\/www.coherens.com\/index.php\/wp-json\/wp\/v2\/posts\/429"}],"collection":[{"href":"https:\/\/www.coherens.com\/index.php\/wp-json\/wp\/v2\/posts"}],"about":[{"href":"https:\/\/www.coherens.com\/index.php\/wp-json\/wp\/v2\/types\/post"}],"author":[{"embeddable":true,"href":"https:\/\/www.coherens.com\/index.php\/wp-json\/wp\/v2\/users\/1"}],"replies":[{"embeddable":true,"href":"https:\/\/www.coherens.com\/index.php\/wp-json\/wp\/v2\/comments?post=429"}],"version-history":[{"count":2,"href":"https:\/\/www.coherens.com\/index.php\/wp-json\/wp\/v2\/posts\/429\/revisions"}],"predecessor-version":[{"id":431,"href":"https:\/\/www.coherens.com\/index.php\/wp-json\/wp\/v2\/posts\/429\/revisions\/431"}],"wp:attachment":[{"href":"https:\/\/www.coherens.com\/index.php\/wp-json\/wp\/v2\/media?parent=429"}],"wp:term":[{"taxonomy":"category","embeddable":true,"href":"https:\/\/www.coherens.com\/index.php\/wp-json\/wp\/v2\/categories?post=429"},{"taxonomy":"post_tag","embeddable":true,"href":"https:\/\/www.coherens.com\/index.php\/wp-json\/wp\/v2\/tags?post=429"}],"curies":[{"name":"wp","href":"https:\/\/api.w.org\/{rel}","templated":true}]}}