{"id":424,"date":"2016-10-20T12:09:20","date_gmt":"2016-10-20T11:09:20","guid":{"rendered":"http:\/\/www.coherens.com\/?p=424"},"modified":"2016-10-21T10:11:58","modified_gmt":"2016-10-21T09:11:58","slug":"journee-mondiale-valeurs-worldvaluesday","status":"publish","type":"post","link":"https:\/\/www.coherens.com\/index.php\/2016\/10\/20\/journee-mondiale-valeurs-worldvaluesday\/","title":{"rendered":"Journ\u00e9e mondiale pour les valeurs #WorldValuesDay"},"content":{"rendered":"<p>Aujourd&rsquo;hui 20 octobre, c&rsquo;est la Journ\u00e9e Mondiale pour les Valeurs.<\/p>\n<p>Elle concerne bien s\u00fbr les entreprises et les diff\u00e9rentes organisations dans lesquelles nous travaillons, mais nous pouvons parler \u00ab\u00a0valeurs\u00a0\u00bb en famille, \u00e0 l&rsquo;\u00e9cole, et \u00e0 l&rsquo;inverse plus globalement sur le p\u00e9rim\u00e8tre de notre pays.<\/p>\n<p>Alors simplement, aujourd&rsquo;hui, t\u00e9l\u00e9chargez le document <a href=\"http:\/\/www.coherens.com\/wp-content\/uploads\/2016\/10\/I-Value-Download.pdf\">\u00ab\u00a0I value&#8230; So I\u00a0\u00bb<\/a>, ou prenez ou une feuille de papier et partagez une valeur qui compte pour vous.<\/p>\n<p>Et si vous avez envie de parler des valeurs en famille, je vous propose l<a href=\"https:\/\/www.valuescentre.com\/sites\/default\/files\/uploads\/exercise_les_valeurs_en_famille_fr.pdf\">a version fran\u00e7aise d&rsquo;un exercice<\/a>\u00a0cr\u00e9\u00e9 par le\u00a0<a href=\"http:\/\/www.valuescentre.com\">Barrett Values Centre<\/a>\u00a0pour faciliter le dialogue entre les parents et les enfants. La version destin\u00e9e aux \u00e9coles sera bient\u00f4t disponible.<\/p>\n<p>&nbsp;<\/p>\n<p>&nbsp;<\/p>\n","protected":false},"excerpt":{"rendered":"<p>Aujourd&rsquo;hui 20 octobre, c&rsquo;est la Journ\u00e9e Mondiale pour les Valeurs. Elle concerne bien s\u00fbr les entreprises et les diff\u00e9rentes organisations dans lesquelles nous travaillons, mais nous pouvons parler \u00ab\u00a0valeurs\u00a0\u00bb en famille, \u00e0 l&rsquo;\u00e9cole, et \u00e0 l&rsquo;inverse plus globalement sur le p\u00e9rim\u00e8tre de notre pays. Alors simplement, aujourd&rsquo;hui, t\u00e9l\u00e9chargez le document \u00ab\u00a0I value&#8230; So I\u00a0\u00bb, ou &hellip; <\/p>\n<p><a class=\"more-link btn\" href=\"https:\/\/www.coherens.com\/index.php\/2016\/10\/20\/journee-mondiale-valeurs-worldvaluesday\/\">Lire la suite<\/a><\/p>\n","protected":false},"author":1,"featured_media":413,"comment_status":"closed","ping_status":"open","sticky":false,"template":"","format":"standard","meta":{"footnotes":""},"categories":[49,9],"tags":[18,17,15],"class_list":["post-424","post","type-post","status-publish","format-standard","has-post-thumbnail","hentry","category-culture-organisationnelle","category-transformation","tag-barrett","tag-transformation","tag-valeurs","item-wrap"],"yoast_head":"<!-- This site is optimized with the Yoast SEO plugin v14.9 - https:\/\/yoast.com\/wordpress\/plugins\/seo\/ -->\n<title>Journ\u00e9e mondiale pour les valeurs #WorldValuesDay - COHeRenS<\/title>\n<meta name=\"robots\" content=\"index, follow, max-snippet:-1, max-image-preview:large, max-video-preview:-1\" \/>\n<link rel=\"canonical\" href=\"http:\/\/www.coherens.com\/index.php\/2016\/10\/20\/journee-mondiale-valeurs-worldvaluesday\/\" \/>\n<meta property=\"og:locale\" content=\"fr_FR\" \/>\n<meta property=\"og:type\" content=\"article\" \/>\n<meta property=\"og:title\" content=\"Journ\u00e9e mondiale pour les valeurs #WorldValuesDay - COHeRenS\" \/>\n<meta property=\"og:description\" content=\"Aujourd&rsquo;hui 20 octobre, c&rsquo;est la Journ\u00e9e Mondiale pour les Valeurs. Elle concerne bien s\u00fbr les entreprises et les diff\u00e9rentes organisations dans lesquelles nous travaillons, mais nous pouvons parler \u00ab\u00a0valeurs\u00a0\u00bb en famille, \u00e0 l&rsquo;\u00e9cole, et \u00e0 l&rsquo;inverse plus globalement sur le p\u00e9rim\u00e8tre de notre pays. Alors simplement, aujourd&rsquo;hui, t\u00e9l\u00e9chargez le document \u00ab\u00a0I value&#8230; So I\u00a0\u00bb, ou &hellip; Lire la suite\" \/>\n<meta property=\"og:url\" content=\"http:\/\/www.coherens.com\/index.php\/2016\/10\/20\/journee-mondiale-valeurs-worldvaluesday\/\" \/>\n<meta property=\"og:site_name\" content=\"COHeRenS\" \/>\n<meta property=\"article:published_time\" content=\"2016-10-20T11:09:20+00:00\" \/>\n<meta property=\"article:modified_time\" content=\"2016-10-21T09:11:58+00:00\" \/>\n<meta property=\"og:image\" content=\"https:\/\/www.coherens.com\/wp-content\/uploads\/2016\/10\/WVD-final-logo-outlined-CMYK-e1508397042209.jpg\" \/>\n\t<meta property=\"og:image:width\" content=\"1200\" \/>\n\t<meta property=\"og:image:height\" content=\"516\" \/>\n<meta name=\"twitter:card\" content=\"summary\" \/>\n<meta name=\"twitter:creator\" content=\"@bdubreucq\" \/>\n<meta name=\"twitter:site\" content=\"@bdubreucq\" \/>\n<script type=\"application\/ld+json\" class=\"yoast-schema-graph\">{\"@context\":\"https:\/\/schema.org\",\"@graph\":[{\"@type\":\"WebSite\",\"@id\":\"https:\/\/www.coherens.com\/#website\",\"url\":\"https:\/\/www.coherens.com\/\",\"name\":\"COHeRenS\",\"description\":\"LE POTENTIEL HUMAIN AU COEUR DE VOTRE PERFORMANCE\",\"potentialAction\":[{\"@type\":\"SearchAction\",\"target\":\"https:\/\/www.coherens.com\/?s={search_term_string}\",\"query-input\":\"required name=search_term_string\"}],\"inLanguage\":\"fr-FR\"},{\"@type\":\"ImageObject\",\"@id\":\"http:\/\/www.coherens.com\/index.php\/2016\/10\/20\/journee-mondiale-valeurs-worldvaluesday\/#primaryimage\",\"inLanguage\":\"fr-FR\",\"url\":\"https:\/\/www.coherens.com\/wp-content\/uploads\/2016\/10\/WVD-final-logo-outlined-CMYK-e1508397042209.jpg\",\"width\":1200,\"height\":516},{\"@type\":\"WebPage\",\"@id\":\"http:\/\/www.coherens.com\/index.php\/2016\/10\/20\/journee-mondiale-valeurs-worldvaluesday\/#webpage\",\"url\":\"http:\/\/www.coherens.com\/index.php\/2016\/10\/20\/journee-mondiale-valeurs-worldvaluesday\/\",\"name\":\"Journ\\u00e9e mondiale pour les valeurs #WorldValuesDay - COHeRenS\",\"isPartOf\":{\"@id\":\"https:\/\/www.coherens.com\/#website\"},\"primaryImageOfPage\":{\"@id\":\"http:\/\/www.coherens.com\/index.php\/2016\/10\/20\/journee-mondiale-valeurs-worldvaluesday\/#primaryimage\"},\"datePublished\":\"2016-10-20T11:09:20+00:00\",\"dateModified\":\"2016-10-21T09:11:58+00:00\",\"author\":{\"@id\":\"https:\/\/www.coherens.com\/#\/schema\/person\/d31471db904c4a8b9015b67b90914574\"},\"inLanguage\":\"fr-FR\",\"potentialAction\":[{\"@type\":\"ReadAction\",\"target\":[\"http:\/\/www.coherens.com\/index.php\/2016\/10\/20\/journee-mondiale-valeurs-worldvaluesday\/\"]}]},{\"@type\":\"Person\",\"@id\":\"https:\/\/www.coherens.com\/#\/schema\/person\/d31471db904c4a8b9015b67b90914574\",\"name\":\"bdubreucq\",\"image\":{\"@type\":\"ImageObject\",\"@id\":\"https:\/\/www.coherens.com\/#personlogo\",\"inLanguage\":\"fr-FR\",\"url\":\"https:\/\/secure.gravatar.com\/avatar\/37c61d45de5b0a90ae7fa6eb6e59c906?s=96&d=mm&r=g\",\"caption\":\"bdubreucq\"}}]}<\/script>\n<!-- \/ Yoast SEO plugin. -->","_links":{"self":[{"href":"https:\/\/www.coherens.com\/index.php\/wp-json\/wp\/v2\/posts\/424"}],"collection":[{"href":"https:\/\/www.coherens.com\/index.php\/wp-json\/wp\/v2\/posts"}],"about":[{"href":"https:\/\/www.coherens.com\/index.php\/wp-json\/wp\/v2\/types\/post"}],"author":[{"embeddable":true,"href":"https:\/\/www.coherens.com\/index.php\/wp-json\/wp\/v2\/users\/1"}],"replies":[{"embeddable":true,"href":"https:\/\/www.coherens.com\/index.php\/wp-json\/wp\/v2\/comments?post=424"}],"version-history":[{"count":5,"href":"https:\/\/www.coherens.com\/index.php\/wp-json\/wp\/v2\/posts\/424\/revisions"}],"predecessor-version":[{"id":435,"href":"https:\/\/www.coherens.com\/index.php\/wp-json\/wp\/v2\/posts\/424\/revisions\/435"}],"wp:featuredmedia":[{"embeddable":true,"href":"https:\/\/www.coherens.com\/index.php\/wp-json\/wp\/v2\/media\/413"}],"wp:attachment":[{"href":"https:\/\/www.coherens.com\/index.php\/wp-json\/wp\/v2\/media?parent=424"}],"wp:term":[{"taxonomy":"category","embeddable":true,"href":"https:\/\/www.coherens.com\/index.php\/wp-json\/wp\/v2\/categories?post=424"},{"taxonomy":"post_tag","embeddable":true,"href":"https:\/\/www.coherens.com\/index.php\/wp-json\/wp\/v2\/tags?post=424"}],"curies":[{"name":"wp","href":"https:\/\/api.w.org\/{rel}","templated":true}]}}