{"id":350,"date":"2016-05-13T09:51:55","date_gmt":"2016-05-13T08:51:55","guid":{"rendered":"http:\/\/www.coherens.com\/?p=350"},"modified":"2016-07-23T14:18:07","modified_gmt":"2016-07-23T13:18:07","slug":"sante-organisationnelle-mesurer-pour-progresser","status":"publish","type":"post","link":"https:\/\/www.coherens.com\/index.php\/2016\/05\/13\/sante-organisationnelle-mesurer-pour-progresser\/","title":{"rendered":"Sant\u00e9 organisationnelle : mesurer pour progresser"},"content":{"rendered":"<p style=\"text-align: justify;\">Tant qu&rsquo;on a la sant\u00e9&#8230;<\/p>\n<p style=\"text-align: justify;\">Vous connaissez cette expression issue de la sagesse populaire, et vous savez bien que l&rsquo;on se rend compte de l&rsquo;importance d&rsquo;\u00eatre en bonne sant\u00e9, quand on ne l&rsquo;est plus ! La sant\u00e9 est l&rsquo;un des fondamentaux que l&rsquo;on oublie (trop) facilement.<\/p>\n<p style=\"text-align: justify;\">Ce constat est le m\u00eame pour une entreprise.<\/p>\n<p style=\"text-align: justify;\">Mais comment mesurer la\u00a0sant\u00e9 de votre organisation ? Est-ce possible ? Quels sont les indicateurs \u00e0 prendre en compte ? Et ne serait-il pas plus prudent de ne rien mesurer, pour \u00eatre tranquille ?<\/p>\n<p style=\"text-align: justify;\">Je n&rsquo;entrerai pas ici sur les diff\u00e9rents mod\u00e8les de sant\u00e9 organisationnelle, vous trouverez de belles \u00e9tudes sur ce sujet aupr\u00e8s de nos amis qu\u00e9b\u00e9cois. Je retiens pour ma part que la sant\u00e9 organisationnelle est celle qui va permettre la rencontre des aspirations de vos collaborateurs avec celles de votre \u00ab\u00a0business\u00a0\u00bb, quelle qu&rsquo;en soit la nature. Et qu&rsquo;il n&rsquo;y a pas un mod\u00e8le prescrit et unique, mais que comme toujours dans notre domaine, c&rsquo;est d&rsquo;une alchimie complexe dont nous devons tenir compte. Votre mod\u00e8le est unique.<\/p>\n<p style=\"text-align: justify;\">Je vous propose un \u00ab\u00a0check-up\u00a0\u00bb en dix points, <a href=\"http:\/\/www.coherens.com\/index.php\/barett-values-centre\/\" target=\"_blank\">construit \u00e0 partir du mod\u00e8le Cultural Transformation Tools du Barrett Values Centre.<\/a><\/p>\n<p>Au d\u00e9part, l&rsquo;enqu\u00eate Cultural Values Assessment, une simple enqu\u00eate en ligne (dans de nombreuses langues), dans laquelle vos collaborateurs, vont choisir parmi environ 90 termes (d\u00e9sign\u00e9es comme \u00e9tant des \u00ab\u00a0valeurs\u00a0\u00bb, c&rsquo;est \u00e0 dire les \u00ab\u00a0pourquoi et comment nous agissons\u00a0\u00bb),<\/p>\n<ul>\n<li>ce qui correspond le mieux \u00e0 ce qui est important pour eux personnellement,<\/li>\n<li>ce qu&rsquo;ils voient en oeuvre dans l&rsquo;entreprise aujourd&rsquo;hui<\/li>\n<li>ce qu&rsquo;ils pensent essentiel pour son avenir.<\/li>\n<\/ul>\n<p style=\"text-align: justify;\">Simple, sans question \u00ab\u00a0orient\u00e9e\u00a0\u00bb comme on en trouve parfois, sans prescription de ce qui est bien ou mal, sans inviter chacun \u00e0 se\u00a0poser la question \u00ab\u00a0et l\u00e0, vous \u00eates s\u00fbr que vous n&rsquo;avez pas mal ?\u00a0\u00bb<\/p>\n<p style=\"text-align: justify;\">A l&rsquo;arriv\u00e9e, un check-up complet en dix points, sous forme d&rsquo;un tableau de bord assorti d&rsquo;un rapport sur les points forts qui donnent de l&rsquo;\u00e9nergie \u00e0 votre organisation et les leviers de progr\u00e8s pour am\u00e9liorer tant la performance personnelle, qu&rsquo;organisationnelle.<\/p>\n<p><img loading=\"lazy\" decoding=\"async\" class=\"wp-image-356 aligncenter\" src=\"http:\/\/www.coherens.com\/wp-content\/uploads\/2016\/05\/Check-Up-COHeRenS-300x116.gif\" alt=\"Check-Up COHeRenS\" width=\"305\" height=\"118\" srcset=\"https:\/\/www.coherens.com\/wp-content\/uploads\/2016\/05\/Check-Up-COHeRenS-300x116.gif 300w, https:\/\/www.coherens.com\/wp-content\/uploads\/2016\/05\/Check-Up-COHeRenS-768x296.gif 768w\" sizes=\"(max-width: 305px) 100vw, 305px\" \/><\/p>\n<ul>\n<li style=\"text-align: justify;\"><strong>Entropie<\/strong> : mesure le degr\u00e9 de dysfonctionnement per\u00e7u et le niveau d&rsquo;\u00e9nergie gaspill\u00e9e (les principales causes sont identifi\u00e9es)<\/li>\n<li style=\"text-align: justify;\"><strong>C-T-S\u00a0coh\u00e9rent<\/strong> : mesure ce qui est important pour vos collaborateurs et pour votre organisation en trois grandes cat\u00e9gories (Bien Commun &#8211; Transformation &#8211; Centr\u00e9 sur Soi), mesure ainsi si l&rsquo;on de demande pas aux salari\u00e9s de faire le grand \u00e9cart entre ce qui est important pour eux, ce qu&rsquo;ils vivent aujourd&rsquo;hui \u00a0et ce qui leur semble important pour l&rsquo;avenir.<\/li>\n<li style=\"text-align: justify;\"><strong>10 Valeurs positives r\u00e9parties dans les 7 niveaux<\/strong> : mesure le nombre de valeurs-cl\u00e9s positives dans la Culture Actuelle \u00a0et leur r\u00e9partition dans les diff\u00e9rents niveaux du mod\u00e8le CTT.<\/li>\n<li style=\"text-align: justify;\"><strong>Valeurs Personnelles-Culture Actuelle<\/strong> \u00a0: mesure le degr\u00e9 de correspondance entre ce qui est important pour les salari\u00e9s et ce qu&rsquo;ils vivent au quotidien, le lien \u00e9motionnel qui se cr\u00e9e entre eux et l&rsquo;entreprise<\/li>\n<li style=\"text-align: justify;\"><strong>Culture Actuelle-Culture D\u00e9sir\u00e9e<\/strong> : mesure de degr\u00e9 de correspondance entre ce qui est v\u00e9cu aujourd\u2019hui et ce qui semble important pour l&rsquo;avenir, la confiance dans la direction adopt\u00e9e<\/li>\n<li style=\"text-align: justify;\"><strong> Valeurs Personnelles-Culture Actuelle-Culture D\u00e9sir\u00e9e<\/strong> : mesure le degr\u00e9 d\u2019alignement g\u00e9n\u00e9ral entre ce qui est important pour les salari\u00e9s, ce qu&rsquo;ils vivent et ce qui leur semble important pour l&rsquo;avenir<\/li>\n<li style=\"text-align: justify;\"><strong>Gaps Culture Actuelle \u21d2 Culture D\u00e9sir\u00e9e<\/strong>\u00a0: mesure le nombre de gaps et leur importance, pour passer de ce qui est v\u00e9cu aujourd\u2019hui \u00e0 ce qui est voulu pour l&rsquo;avenir<\/li>\n<li style=\"text-align: justify;\"><strong>Business Needs Scorecard \u00a0\u00e9quilibr\u00e9<\/strong>: mesure la mani\u00e8re dont les diff\u00e9rents enjeux du business sont pris en compte, car une culture de travail saine n&rsquo;est pas \u00e0 elle seule synonyme de succ\u00e8s business.<br \/>\nCette mesure est directement inspir\u00e9e du Balanced Scorecard qui permet de mettre en synergie les diff\u00e9rents objectifs qui assurent concr\u00e8tement le succ\u00e8s de l&rsquo;entreprise (Finance, Clients, Process, Croissance organisation et RH). L&rsquo;implantation du pilotage selon ce mod\u00e8le g\u00e9n\u00e9re plus de\u00a0r\u00e9ussite.<\/li>\n<li style=\"text-align: justify;\"><strong>Valeurs\u00a0officielles<\/strong> : mesure le degr\u00e9 d&rsquo;incarnation de vos valeurs corporate si vous en avez d\u00e9fini, sont-elles v\u00e9cues, sont-elles d\u00e9sir\u00e9es ?<\/li>\n<li style=\"text-align: justify;\"><strong>Leadership<\/strong> : mesure la mani\u00e8re dont le leadership est exerc\u00e9 et sa convergence avec la culture de travail de votre organisation.<br \/>\n<em>Cette mesure (en option) est faite sous forme\u00a0de 360\u00b0 de vos leaders selon le m\u00eame mod\u00e8le que celui de l&rsquo;enqu\u00eate. Il peut \u00eatre compl\u00e9t\u00e9 par des outils puissants de compr\u00e9hension de la personnalit\u00e9 de vos leaders (Talent Q- Hogan)<\/em><\/li>\n<\/ul>\n<p style=\"text-align: justify;\">Un rapport de synth\u00e8se compl\u00e8te les principaux indicateurs et propose un diagnostic qualitatif , les points forts de votre organisation sur lesquels capitaliser et les leviers de progr\u00e8s.<\/p>\n<p style=\"text-align: justify;\">Des questions peuvent \u00eatre ajout\u00e9es sur le niveau et les leviers de motivation, de satisfaction, de reconnaissance&#8230;<\/p>\n<p style=\"text-align: justify;\">L&rsquo;exp\u00e9rience montre que des progr\u00e8s significatifs peuvent \u00eatre faits rapidement, et comme le dit ce proverbe tib\u00e9tain<\/p>\n<h4 style=\"text-align: center;\"><em>\u00ab\u00a0la sant\u00e9 de l&rsquo;int\u00e9rieur se voit \u00e0 l&rsquo;ext\u00e9rieur\u00a0\u00bb<\/em><\/h4>\n<p><a href=\"http:\/\/www.coherens.com\/index.php\/barett-values-centre\/\" target=\"_blank\">Si vous voulez mieux comprendre le mod\u00e8le \u00a9CTT, n&rsquo;h\u00e9sitez pas \u00e0 r\u00e9pondre au questionnaire \u00ab\u00a0Personal Values assessment\u00a0\u00bb.<\/a><\/p>\n<p>Si vous voulez faire vous-m\u00eame\u00a0un pr\u00e9-diagnostic de la sant\u00e9 de votre organisation, je peux vous proposer de r\u00e9pondre \u00e0 l&rsquo;enqu\u00eate en ligne et un d\u00e9brief simple. Contactez moi : <a href=\"mailto:brigitte.dubreucq@coherens.com\">brigitte.dubreucq@coherens.com<\/a><\/p>\n<p>&nbsp;<\/p>\n","protected":false},"excerpt":{"rendered":"<p>Tant qu&rsquo;on a la sant\u00e9&#8230; Vous connaissez cette expression issue de la sagesse populaire, et vous savez bien que l&rsquo;on se rend compte de l&rsquo;importance d&rsquo;\u00eatre en bonne sant\u00e9, quand on ne l&rsquo;est plus ! La sant\u00e9 est l&rsquo;un des fondamentaux que l&rsquo;on oublie (trop) facilement. Ce constat est le m\u00eame pour une entreprise. Mais &hellip; <\/p>\n<p><a class=\"more-link btn\" href=\"https:\/\/www.coherens.com\/index.php\/2016\/05\/13\/sante-organisationnelle-mesurer-pour-progresser\/\">Lire la suite<\/a><\/p>\n","protected":false},"author":1,"featured_media":0,"comment_status":"closed","ping_status":"open","sticky":false,"template":"","format":"standard","meta":{"footnotes":""},"categories":[4,8,5,9],"tags":[18,43,41,24,42,17,15],"class_list":["post-350","post","type-post","status-publish","format-standard","hentry","category-dirigeants","category-leadership","category-rh","category-transformation","tag-barrett","tag-cultural-transformation-tools","tag-culture-de-travail","tag-ressources-humaines","tag-sante-organisationnelle","tag-transformation","tag-valeurs","item-wrap"],"yoast_head":"<!-- This site is optimized with the Yoast SEO plugin v14.9 - https:\/\/yoast.com\/wordpress\/plugins\/seo\/ -->\n<title>Sant\u00e9 organisationnelle : mesurer pour progresser - COHeRenS<\/title>\n<meta name=\"robots\" content=\"index, follow, max-snippet:-1, max-image-preview:large, max-video-preview:-1\" \/>\n<link rel=\"canonical\" href=\"https:\/\/www.coherens.com\/index.php\/2016\/05\/13\/sante-organisationnelle-mesurer-pour-progresser\/\" \/>\n<meta property=\"og:locale\" content=\"fr_FR\" \/>\n<meta property=\"og:type\" content=\"article\" \/>\n<meta property=\"og:title\" content=\"Sant\u00e9 organisationnelle : mesurer pour progresser - COHeRenS\" \/>\n<meta property=\"og:description\" content=\"Tant qu&rsquo;on a la sant\u00e9&#8230; Vous connaissez cette expression issue de la sagesse populaire, et vous savez bien que l&rsquo;on se rend compte de l&rsquo;importance d&rsquo;\u00eatre en bonne sant\u00e9, quand on ne l&rsquo;est plus ! La sant\u00e9 est l&rsquo;un des fondamentaux que l&rsquo;on oublie (trop) facilement. Ce constat est le m\u00eame pour une entreprise. Mais &hellip; Lire la suite\" \/>\n<meta property=\"og:url\" content=\"https:\/\/www.coherens.com\/index.php\/2016\/05\/13\/sante-organisationnelle-mesurer-pour-progresser\/\" \/>\n<meta property=\"og:site_name\" content=\"COHeRenS\" \/>\n<meta property=\"article:published_time\" content=\"2016-05-13T08:51:55+00:00\" \/>\n<meta property=\"article:modified_time\" content=\"2016-07-23T13:18:07+00:00\" \/>\n<meta property=\"og:image\" content=\"http:\/\/www.coherens.com\/wp-content\/uploads\/2016\/05\/Check-Up-COHeRenS-300x116.gif\" \/>\n<meta name=\"twitter:card\" content=\"summary\" \/>\n<meta name=\"twitter:creator\" content=\"@bdubreucq\" \/>\n<meta name=\"twitter:site\" content=\"@bdubreucq\" \/>\n<script type=\"application\/ld+json\" class=\"yoast-schema-graph\">{\"@context\":\"https:\/\/schema.org\",\"@graph\":[{\"@type\":\"WebSite\",\"@id\":\"https:\/\/www.coherens.com\/#website\",\"url\":\"https:\/\/www.coherens.com\/\",\"name\":\"COHeRenS\",\"description\":\"LE POTENTIEL HUMAIN AU COEUR DE VOTRE PERFORMANCE\",\"potentialAction\":[{\"@type\":\"SearchAction\",\"target\":\"https:\/\/www.coherens.com\/?s={search_term_string}\",\"query-input\":\"required name=search_term_string\"}],\"inLanguage\":\"fr-FR\"},{\"@type\":\"ImageObject\",\"@id\":\"https:\/\/www.coherens.com\/index.php\/2016\/05\/13\/sante-organisationnelle-mesurer-pour-progresser\/#primaryimage\",\"inLanguage\":\"fr-FR\",\"url\":\"http:\/\/www.coherens.com\/wp-content\/uploads\/2016\/05\/Check-Up-COHeRenS-300x116.gif\"},{\"@type\":\"WebPage\",\"@id\":\"https:\/\/www.coherens.com\/index.php\/2016\/05\/13\/sante-organisationnelle-mesurer-pour-progresser\/#webpage\",\"url\":\"https:\/\/www.coherens.com\/index.php\/2016\/05\/13\/sante-organisationnelle-mesurer-pour-progresser\/\",\"name\":\"Sant\\u00e9 organisationnelle : mesurer pour progresser - COHeRenS\",\"isPartOf\":{\"@id\":\"https:\/\/www.coherens.com\/#website\"},\"primaryImageOfPage\":{\"@id\":\"https:\/\/www.coherens.com\/index.php\/2016\/05\/13\/sante-organisationnelle-mesurer-pour-progresser\/#primaryimage\"},\"datePublished\":\"2016-05-13T08:51:55+00:00\",\"dateModified\":\"2016-07-23T13:18:07+00:00\",\"author\":{\"@id\":\"https:\/\/www.coherens.com\/#\/schema\/person\/d31471db904c4a8b9015b67b90914574\"},\"inLanguage\":\"fr-FR\",\"potentialAction\":[{\"@type\":\"ReadAction\",\"target\":[\"https:\/\/www.coherens.com\/index.php\/2016\/05\/13\/sante-organisationnelle-mesurer-pour-progresser\/\"]}]},{\"@type\":\"Person\",\"@id\":\"https:\/\/www.coherens.com\/#\/schema\/person\/d31471db904c4a8b9015b67b90914574\",\"name\":\"bdubreucq\",\"image\":{\"@type\":\"ImageObject\",\"@id\":\"https:\/\/www.coherens.com\/#personlogo\",\"inLanguage\":\"fr-FR\",\"url\":\"https:\/\/secure.gravatar.com\/avatar\/37c61d45de5b0a90ae7fa6eb6e59c906?s=96&d=mm&r=g\",\"caption\":\"bdubreucq\"}}]}<\/script>\n<!-- \/ Yoast SEO plugin. -->","_links":{"self":[{"href":"https:\/\/www.coherens.com\/index.php\/wp-json\/wp\/v2\/posts\/350"}],"collection":[{"href":"https:\/\/www.coherens.com\/index.php\/wp-json\/wp\/v2\/posts"}],"about":[{"href":"https:\/\/www.coherens.com\/index.php\/wp-json\/wp\/v2\/types\/post"}],"author":[{"embeddable":true,"href":"https:\/\/www.coherens.com\/index.php\/wp-json\/wp\/v2\/users\/1"}],"replies":[{"embeddable":true,"href":"https:\/\/www.coherens.com\/index.php\/wp-json\/wp\/v2\/comments?post=350"}],"version-history":[{"count":13,"href":"https:\/\/www.coherens.com\/index.php\/wp-json\/wp\/v2\/posts\/350\/revisions"}],"predecessor-version":[{"id":403,"href":"https:\/\/www.coherens.com\/index.php\/wp-json\/wp\/v2\/posts\/350\/revisions\/403"}],"wp:attachment":[{"href":"https:\/\/www.coherens.com\/index.php\/wp-json\/wp\/v2\/media?parent=350"}],"wp:term":[{"taxonomy":"category","embeddable":true,"href":"https:\/\/www.coherens.com\/index.php\/wp-json\/wp\/v2\/categories?post=350"},{"taxonomy":"post_tag","embeddable":true,"href":"https:\/\/www.coherens.com\/index.php\/wp-json\/wp\/v2\/tags?post=350"}],"curies":[{"name":"wp","href":"https:\/\/api.w.org\/{rel}","templated":true}]}}