{"id":231,"date":"2014-01-06T21:01:21","date_gmt":"2014-01-06T20:01:21","guid":{"rendered":"http:\/\/www.coherens.com\/site\/?p=231"},"modified":"2016-04-13T21:05:16","modified_gmt":"2016-04-13T20:05:16","slug":"la-coresponsabilite-dernier-volet-du-cycle-drh-2013-lannee-du-coavec-les-clubs-rh","status":"publish","type":"post","link":"https:\/\/www.coherens.com\/index.php\/2014\/01\/06\/la-coresponsabilite-dernier-volet-du-cycle-drh-2013-lannee-du-coavec-les-clubs-rh\/","title":{"rendered":"La CoResponsabilit\u00e9, dernier volet du cycle \u00ab\u00a0DRH, 2013, l&rsquo;ann\u00e9e du Co\u00a0\u00bbavec les Clubs RH"},"content":{"rendered":"<p><img decoding=\"async\" class=\"aligncenter\" src=\"http:\/\/brigittedubreucq.com\/blog\/wp-content\/uploads\/2014\/01\/coresponsabilit%C3%A9.jpg\" \/><\/p>\n<p class=\"ANDRHParagraphe\" style=\"text-align: justify;\">Pour le dernier rendez-vous de l\u2019ann\u00e9e du CO, les invit\u00e9s des Clubs RH des Grandes Ecoles planchaient ce mardi 3 d\u00e9cembre sur la coresponsabilit\u00e9. Comment faire adh\u00e9rer tous les acteurs de l\u2019entreprise pour que chacun se sente solidaire et impliqu\u00e9 ? <b>F<\/b><b>ran\u00e7ois Sandr\u00e9, avocat en droit du travail, Laurent Depond, VP Diversit\u00e9 d\u2019Orange et Bruno Cararo, responsable CFDT ont t\u00e9moign\u00e9 de leur exp\u00e9rience sur cette question.<\/b><\/p>\n<p class=\"ANDRHParagraphe\" style=\"text-align: justify;\">Premier intervenant, Fran\u00e7ois Sandr\u00e9, avocat en droit social, ouvre le d\u00e9bat sur un sujet qui lui tient visiblement \u00e0 c\u0153ur. En tant que juriste, il peut t\u00e9moigner que le droit ne suffit pas \u00e0 r\u00e9soudre toutes les difficult\u00e9s qui surgissent entre un salari\u00e9 et son employeur. Quand la loi trouve ses limites, par exemple pour convaincre un salari\u00e9 de rester plus tard pour terminer un dossier urgent, c\u2019est la qualit\u00e9 de la relation entre les deux parties qui prend le relais.<\/p>\n<p class=\"ANDRHParagraphe\" style=\"text-align: justify;\">Mais pourquoi le conflit survient-il si souvent dans la relation de travail ? Fran\u00e7ois Sandr\u00e9 donne plusieurs r\u00e9ponses : le manque d\u2019information juridique des managers qui ne savent pas ce qu\u2019ils peuvent exiger ou pas de leurs collaborateurs, un r\u00e9flexe d\u2019opposition qui conduit \u00e0 distinguer les logiques professionnelle et humaine au lieu de tenter de les concilier, une tendance fr\u00e9quente \u00e0 ne pas r\u00e9gler un probl\u00e8me d\u00e8s qu\u2019il survient, pensant \u00e0 tort que le temps va arranger les choses\u2026 Les conflits, remarque l\u2019avocat, sont le plus souvent g\u00e9n\u00e9r\u00e9s par les personnes qui ne progressent plus dans leur m\u00e9tier ou dans leurs comp\u00e9tences. Un constat que les DRH pourront m\u00e9diter.<\/p>\n<p class=\"ANDRHParagraphe\" style=\"text-align: justify;\"><b>Peut-on parler de coresponsabilit\u00e9 dans une relation de travail caract\u00e9ris\u00e9e par la subordination<\/b> ? Cette question interpelle les participants. \u00ab Le contrat de travail impose des obligations \u00e0 l\u2019employeur comme au salari\u00e9, rappelle Fran\u00e7ois Sandr\u00e9. C\u2019est dans cet espace d\u2019obligations r\u00e9ciproques que la coresponsabilit\u00e9 prend sa place. \u00bb<\/p>\n<p class=\"ANDRHParagraphe\" style=\"text-align: justify;\">Le deuxi\u00e8me \u00e9clairage est apport\u00e9 par Bruno Cararo, secr\u00e9taire g\u00e9n\u00e9ral Centre Val de Loire de la CFDT et Sandrine Devingt, associ\u00e9e du cabinet Explorentiel qui a accompagn\u00e9 le syndicat dans une d\u00e9marche novatrice. A l\u2019origine, une volont\u00e9 de la CFDT de d\u00e9velopper les comp\u00e9tences de ses responsables pour les armer dans un contexte difficile. Mais comment amener ces militants, dont la l\u00e9gitimit\u00e9 repose sur leur \u00e9lection, \u00e0 prendre conscience qu\u2019ils doivent acqu\u00e9rir des comp\u00e9tences pour gagner en efficacit\u00e9 ? La CFDT, accompagn\u00e9e par Explorentiel, a construit un dispositif o\u00f9 ce sont les responsables qui auto\u00e9valuent leurs comp\u00e9tences. A partir de cette auto\u00e9valuation, ils sont conscients de leurs axes de progr\u00e8s et adh\u00e8rent \u00e0 cette d\u00e9marche de formation propos\u00e9e par le syndicat. Aujourd\u2019hui, 140 personnes au niveau national et 40 au niveau local ont particip\u00e9 \u00e0 ce dispositif. Les r\u00e9sultats ? Des responsables syndicaux plus \u00e0 l\u2019aise dans leur mandat, dot\u00e9s d\u2019une meilleure compr\u00e9hension des enjeux dans l\u2019entreprise et aptes \u00e0 passer d\u2019un rapport de force \u00e0 un rapport d\u2019intelligence avec l\u2019employeur. Ce qui, au final, permet d\u2019am\u00e9liorer le climat social dans l\u2019entreprise. Cette exp\u00e9rience, qui a repos\u00e9 sur l\u2019implication des responsables syndicaux, illustre bien le c\u0153ur de la question de la coresponsabilit\u00e9 dans les entreprises, <b>\u00ab On ne peut pratiquer la coresponsabilit\u00e9 que si l\u2019on est d\u2019abord responsable de soi \u00bb, estime Sandrine Devingt.<\/b><\/p>\n<p class=\"ANDRHParagraphe\" style=\"text-align: justify;\">Troisi\u00e8me illustration et autre probl\u00e9matique chez Orange. Pour Laurent Depond, VP Diversit\u00e9, coresponsabilit\u00e9 et diversit\u00e9 poursuivent le m\u00eame objectif : comment faire pour que chacun joue un r\u00f4le dans la r\u00e9ussite de l\u2019entreprise ? Chez l\u2019op\u00e9rateur, la promotion de la diversit\u00e9 passe d\u2019abord par l\u2019adh\u00e9sion des salari\u00e9s \u00e0 cet enjeu. Pour cela, il est n\u00e9cessaire de comprendre les codes de chacun et de lui parler avec son propre langage : donner des chiffres \u00e0 des ing\u00e9nieurs, parler valeurs aux repr\u00e9sentants syndicaux\u2026 <b>Chez Orange, les r\u00e9seaux sociaux internes, nourris de t\u00e9moignages de salari\u00e9s, permettent de diffuser les valeurs de coconstruction et de coresponsabilit\u00e9.<\/b><\/p>\n<p class=\"ANDRHParagraphe\" style=\"text-align: justify;\">\u00ab La reconnaissance de l\u2019identit\u00e9 de chaque salari\u00e9 (sexualit\u00e9, handicap, religion) contribue \u00e0 diminuer les RPS \u00bb, assure Laurent Depond.<\/p>\n<p class=\"ANDRHParagraphe\" style=\"text-align: justify;\">Ces trois \u00e9clairages font \u00e9cho chez les participants. \u00ab La coconstruction ne peut \u00e9merger que si on laisse d\u2019abord un vide, assure un manager de transition. C\u2019est seulement dans ce vide que les acteurs de l\u2019entreprise pourront prendre leur place \u00bb. Il en va de m\u00eame dans la relation individuelle, entre un manager et un collaborateur, confirme un coach. Cr\u00e9er un espace de silence ouvre quelque chose de neuf dans la relation. \u00bb<\/p>\n<p class=\"ANDRHParagraphe\" align=\"right\">Article r\u00e9dig\u00e9 par Marie-Pierre Nogu\u00e8s-Ledru<\/p>\n<p class=\"ANDRHParagraphe\" align=\"right\">(Publi\u00e9 dans la Newsletter de l\u2019ANDRH Ile de France et sur le site HEC \u2013 Management et Ressources Humaines)<\/p>\n","protected":false},"excerpt":{"rendered":"<p>Pour le dernier rendez-vous de l\u2019ann\u00e9e du CO, les invit\u00e9s des Clubs RH des Grandes Ecoles planchaient ce mardi 3 d\u00e9cembre sur la coresponsabilit\u00e9. Comment faire adh\u00e9rer tous les acteurs de l\u2019entreprise pour que chacun se sente solidaire et impliqu\u00e9 ? Fran\u00e7ois Sandr\u00e9, avocat en droit du travail, Laurent Depond, VP Diversit\u00e9 d\u2019Orange et Bruno &hellip; <\/p>\n<p><a class=\"more-link btn\" href=\"https:\/\/www.coherens.com\/index.php\/2014\/01\/06\/la-coresponsabilite-dernier-volet-du-cycle-drh-2013-lannee-du-coavec-les-clubs-rh\/\">Lire la suite<\/a><\/p>\n","protected":false},"author":1,"featured_media":0,"comment_status":"closed","ping_status":"open","sticky":false,"template":"","format":"standard","meta":{"footnotes":""},"categories":[5,9],"tags":[32,26,17],"class_list":["post-231","post","type-post","status-publish","format-standard","hentry","category-rh","category-transformation","tag-co","tag-drh","tag-transformation","item-wrap"],"yoast_head":"<!-- This site is optimized with the Yoast SEO plugin v14.9 - https:\/\/yoast.com\/wordpress\/plugins\/seo\/ -->\n<title>La CoResponsabilit\u00e9, dernier volet du cycle &quot;DRH, 2013, l&#039;ann\u00e9e du Co&quot;avec les Clubs RH - COHeRenS<\/title>\n<meta name=\"robots\" content=\"index, follow, max-snippet:-1, max-image-preview:large, max-video-preview:-1\" \/>\n<link rel=\"canonical\" href=\"http:\/\/www.coherens.com\/index.php\/2014\/01\/06\/la-coresponsabilite-dernier-volet-du-cycle-drh-2013-lannee-du-coavec-les-clubs-rh\/\" \/>\n<meta property=\"og:locale\" content=\"fr_FR\" \/>\n<meta property=\"og:type\" content=\"article\" \/>\n<meta property=\"og:title\" content=\"La CoResponsabilit\u00e9, dernier volet du cycle &quot;DRH, 2013, l&#039;ann\u00e9e du Co&quot;avec les Clubs RH - COHeRenS\" \/>\n<meta property=\"og:description\" content=\"Pour le dernier rendez-vous de l\u2019ann\u00e9e du CO, les invit\u00e9s des Clubs RH des Grandes Ecoles planchaient ce mardi 3 d\u00e9cembre sur la coresponsabilit\u00e9. Comment faire adh\u00e9rer tous les acteurs de l\u2019entreprise pour que chacun se sente solidaire et impliqu\u00e9 ? Fran\u00e7ois Sandr\u00e9, avocat en droit du travail, Laurent Depond, VP Diversit\u00e9 d\u2019Orange et Bruno &hellip; Lire la suite\" \/>\n<meta property=\"og:url\" content=\"http:\/\/www.coherens.com\/index.php\/2014\/01\/06\/la-coresponsabilite-dernier-volet-du-cycle-drh-2013-lannee-du-coavec-les-clubs-rh\/\" \/>\n<meta property=\"og:site_name\" content=\"COHeRenS\" \/>\n<meta property=\"article:published_time\" content=\"2014-01-06T20:01:21+00:00\" \/>\n<meta property=\"article:modified_time\" content=\"2016-04-13T20:05:16+00:00\" \/>\n<meta property=\"og:image\" content=\"http:\/\/brigittedubreucq.com\/blog\/wp-content\/uploads\/2014\/01\/coresponsabilit%C3%A9.jpg\" \/>\n<meta name=\"twitter:card\" content=\"summary\" \/>\n<meta name=\"twitter:creator\" content=\"@bdubreucq\" \/>\n<meta name=\"twitter:site\" content=\"@bdubreucq\" \/>\n<script type=\"application\/ld+json\" class=\"yoast-schema-graph\">{\"@context\":\"https:\/\/schema.org\",\"@graph\":[{\"@type\":\"WebSite\",\"@id\":\"https:\/\/www.coherens.com\/#website\",\"url\":\"https:\/\/www.coherens.com\/\",\"name\":\"COHeRenS\",\"description\":\"LE POTENTIEL HUMAIN AU COEUR DE VOTRE PERFORMANCE\",\"potentialAction\":[{\"@type\":\"SearchAction\",\"target\":\"https:\/\/www.coherens.com\/?s={search_term_string}\",\"query-input\":\"required name=search_term_string\"}],\"inLanguage\":\"fr-FR\"},{\"@type\":\"ImageObject\",\"@id\":\"http:\/\/www.coherens.com\/index.php\/2014\/01\/06\/la-coresponsabilite-dernier-volet-du-cycle-drh-2013-lannee-du-coavec-les-clubs-rh\/#primaryimage\",\"inLanguage\":\"fr-FR\",\"url\":\"http:\/\/brigittedubreucq.com\/blog\/wp-content\/uploads\/2014\/01\/coresponsabilit%C3%A9.jpg\"},{\"@type\":\"WebPage\",\"@id\":\"http:\/\/www.coherens.com\/index.php\/2014\/01\/06\/la-coresponsabilite-dernier-volet-du-cycle-drh-2013-lannee-du-coavec-les-clubs-rh\/#webpage\",\"url\":\"http:\/\/www.coherens.com\/index.php\/2014\/01\/06\/la-coresponsabilite-dernier-volet-du-cycle-drh-2013-lannee-du-coavec-les-clubs-rh\/\",\"name\":\"La CoResponsabilit\\u00e9, dernier volet du cycle \\\"DRH, 2013, l'ann\\u00e9e du Co\\\"avec les Clubs RH - COHeRenS\",\"isPartOf\":{\"@id\":\"https:\/\/www.coherens.com\/#website\"},\"primaryImageOfPage\":{\"@id\":\"http:\/\/www.coherens.com\/index.php\/2014\/01\/06\/la-coresponsabilite-dernier-volet-du-cycle-drh-2013-lannee-du-coavec-les-clubs-rh\/#primaryimage\"},\"datePublished\":\"2014-01-06T20:01:21+00:00\",\"dateModified\":\"2016-04-13T20:05:16+00:00\",\"author\":{\"@id\":\"https:\/\/www.coherens.com\/#\/schema\/person\/d31471db904c4a8b9015b67b90914574\"},\"inLanguage\":\"fr-FR\",\"potentialAction\":[{\"@type\":\"ReadAction\",\"target\":[\"http:\/\/www.coherens.com\/index.php\/2014\/01\/06\/la-coresponsabilite-dernier-volet-du-cycle-drh-2013-lannee-du-coavec-les-clubs-rh\/\"]}]},{\"@type\":\"Person\",\"@id\":\"https:\/\/www.coherens.com\/#\/schema\/person\/d31471db904c4a8b9015b67b90914574\",\"name\":\"bdubreucq\",\"image\":{\"@type\":\"ImageObject\",\"@id\":\"https:\/\/www.coherens.com\/#personlogo\",\"inLanguage\":\"fr-FR\",\"url\":\"https:\/\/secure.gravatar.com\/avatar\/37c61d45de5b0a90ae7fa6eb6e59c906?s=96&d=mm&r=g\",\"caption\":\"bdubreucq\"}}]}<\/script>\n<!-- \/ Yoast SEO plugin. -->","_links":{"self":[{"href":"https:\/\/www.coherens.com\/index.php\/wp-json\/wp\/v2\/posts\/231"}],"collection":[{"href":"https:\/\/www.coherens.com\/index.php\/wp-json\/wp\/v2\/posts"}],"about":[{"href":"https:\/\/www.coherens.com\/index.php\/wp-json\/wp\/v2\/types\/post"}],"author":[{"embeddable":true,"href":"https:\/\/www.coherens.com\/index.php\/wp-json\/wp\/v2\/users\/1"}],"replies":[{"embeddable":true,"href":"https:\/\/www.coherens.com\/index.php\/wp-json\/wp\/v2\/comments?post=231"}],"version-history":[{"count":2,"href":"https:\/\/www.coherens.com\/index.php\/wp-json\/wp\/v2\/posts\/231\/revisions"}],"predecessor-version":[{"id":233,"href":"https:\/\/www.coherens.com\/index.php\/wp-json\/wp\/v2\/posts\/231\/revisions\/233"}],"wp:attachment":[{"href":"https:\/\/www.coherens.com\/index.php\/wp-json\/wp\/v2\/media?parent=231"}],"wp:term":[{"taxonomy":"category","embeddable":true,"href":"https:\/\/www.coherens.com\/index.php\/wp-json\/wp\/v2\/categories?post=231"},{"taxonomy":"post_tag","embeddable":true,"href":"https:\/\/www.coherens.com\/index.php\/wp-json\/wp\/v2\/tags?post=231"}],"curies":[{"name":"wp","href":"https:\/\/api.w.org\/{rel}","templated":true}]}}