{"id":195,"date":"2014-09-02T14:14:05","date_gmt":"2014-09-02T13:14:05","guid":{"rendered":"http:\/\/www.coherens.com\/site\/?p=195"},"modified":"2016-04-13T19:23:36","modified_gmt":"2016-04-13T18:23:36","slug":"le-golf-les-golfeurs-et-les-pdg","status":"publish","type":"post","link":"https:\/\/www.coherens.com\/index.php\/2014\/09\/02\/le-golf-les-golfeurs-et-les-pdg\/","title":{"rendered":"Le golf, les golfeurs et les PDG"},"content":{"rendered":"<p>Le suspense est clos,<a href=\"http:\/\/www.rydercup.com\/europe\/news\/\" target=\"_blank\"> l&rsquo;\u00e9quipe europ\u00e9enne de la Ryder Cup<\/a> vient d&rsquo;\u00eatre d\u00e9voil\u00e9e ce midi apr\u00e8s un beau suspense.<\/p>\n<p>Mais avant de nous enthousiasmer pour ces trois journ\u00e9es embl\u00e9matiques des 26 au 28 septembre sur le magnifique parcours de Gleneagles, une autre comp\u00e9tition, tout aussi importante attend nos golfeurs et golfeuses des grandes \u00e9coles.<br \/>\nJeudi c&rsquo;est la reprise du TGE, et croyez moi, il y a beaucoup d&rsquo;enjeu de ce c\u00f4t\u00e9-ci de la manche !<\/p>\n<p>Alors vos swings d&rsquo;\u00e9t\u00e9 ont-ils r\u00e9sist\u00e9 aux \u00e9pisodes pluvieux et \u00e0 la m\u00e9t\u00e9o maussade de l&rsquo;\u00e9t\u00e9 ? Votre concentration sera-t-elle au meilleur niveau pour cette semaine ou certain-e-s d&rsquo;entre vous ont brav\u00e9 les listes et les rythmes scolaires ?<\/p>\n<p>Que les vainqueurs de cette \u00e9preuve de jeudi se r\u00e9jouissent&#8230; doublement&#8230;. Ils rapprochent leur \u00e9cole de la cons\u00e9cration, et il se pourrait que leur r\u00e9mun\u00e9ration augmente&#8230;. s&rsquo;ils sont PDG.<\/p>\n<p>Dans une \u00e9tude, que l&rsquo;on va prendre avec une certaine l\u00e9g\u00e8ret\u00e9, \u00e9tude dont Le Monde s&rsquo;est fait l&rsquo;\u00e9cho mi-juillet, des <a href=\"http:\/\/papers.ssrn.com\/sol3\/papers.cfm?abstract_id=1374239\" target=\"_blank\">chercheurs d\u00e9montrent une corr\u00e9lation entre un bas handicap au golf pour les PDG et une r\u00e9mun\u00e9ration \u00e9lev\u00e9e.<\/a><\/p>\n<p>Vous savez comme moi que corr\u00e9lation ne veut pas dire cause \u00e0 effet. Je peux avoir une autre interpr\u00e9tation&#8230; ces PDG savent respirer, se d\u00e9connecter des turbulences quotidiennes pour prendre des d\u00e9cisions avis\u00e9es apr\u00e8s s&rsquo;\u00eatre oxyg\u00e9n\u00e9s et avoir pris du recul&#8230;.<br \/>\nLe b\u00e9mol, c&rsquo;est que toujours selon ces m\u00eames chercheurs, la m\u00eame corr\u00e9lation n&rsquo;est pas retrouv\u00e9e avec la performance de leur entreprise. Elle le serait plut\u00f4t avec la qualit\u00e9 de leur r\u00e9seau qui pourrait assimiler plus ou moins consciemment talents sportifs et comp\u00e9tences professionnelles. Tout cela pour d\u00e9montrer que le lien entre performance future et r\u00e9mun\u00e9ration des dirigeants reste un sujet complexe.<\/p>\n<p>Comme l&rsquo;indique dans son article la journaliste du Monde \u00ab\u00a0que nos lecteurs fid\u00e8les, bons golfeurs et bons PDG, ne nous jettent pas la pierre. Ils sont des \u00eatres tout \u00e0 fait respectables\u00a0\u00bb<\/p>\n<p>Que ces quelques consid\u00e9rations ne vous emp\u00eachent pas d&rsquo;\u00eatre a la fois un excellent golfeur et un excellent dirigeant&#8230;.. j&rsquo;en connais !<\/p>\n<p><em>Premi\u00e8re publication le 2 septembre 2014<\/em><\/p>\n","protected":false},"excerpt":{"rendered":"<p>Le suspense est clos, l&rsquo;\u00e9quipe europ\u00e9enne de la Ryder Cup vient d&rsquo;\u00eatre d\u00e9voil\u00e9e ce midi apr\u00e8s un beau suspense. Mais avant de nous enthousiasmer pour ces trois journ\u00e9es embl\u00e9matiques des 26 au 28 septembre sur le magnifique parcours de Gleneagles, une autre comp\u00e9tition, tout aussi importante attend nos golfeurs et golfeuses des grandes \u00e9coles. Jeudi &hellip; <\/p>\n<p><a class=\"more-link btn\" href=\"https:\/\/www.coherens.com\/index.php\/2014\/09\/02\/le-golf-les-golfeurs-et-les-pdg\/\">Lire la suite<\/a><\/p>\n","protected":false},"author":1,"featured_media":0,"comment_status":"closed","ping_status":"open","sticky":false,"template":"","format":"standard","meta":{"footnotes":""},"categories":[4,3],"tags":[19,28,27,29],"class_list":["post-195","post","type-post","status-publish","format-standard","hentry","category-dirigeants","category-neurosciences","tag-dirigeant","tag-golf","tag-gouvernance","tag-remuneration","item-wrap"],"yoast_head":"<!-- This site is optimized with the Yoast SEO plugin v14.9 - https:\/\/yoast.com\/wordpress\/plugins\/seo\/ -->\n<title>Le golf, les golfeurs et les PDG - COHeRenS<\/title>\n<meta name=\"robots\" content=\"index, follow, max-snippet:-1, max-image-preview:large, max-video-preview:-1\" \/>\n<link rel=\"canonical\" href=\"https:\/\/www.coherens.com\/index.php\/2014\/09\/02\/le-golf-les-golfeurs-et-les-pdg\/\" \/>\n<meta property=\"og:locale\" content=\"fr_FR\" \/>\n<meta property=\"og:type\" content=\"article\" \/>\n<meta property=\"og:title\" content=\"Le golf, les golfeurs et les PDG - COHeRenS\" \/>\n<meta property=\"og:description\" content=\"Le suspense est clos, l&rsquo;\u00e9quipe europ\u00e9enne de la Ryder Cup vient d&rsquo;\u00eatre d\u00e9voil\u00e9e ce midi apr\u00e8s un beau suspense. Mais avant de nous enthousiasmer pour ces trois journ\u00e9es embl\u00e9matiques des 26 au 28 septembre sur le magnifique parcours de Gleneagles, une autre comp\u00e9tition, tout aussi importante attend nos golfeurs et golfeuses des grandes \u00e9coles. Jeudi &hellip; Lire la suite\" \/>\n<meta property=\"og:url\" content=\"https:\/\/www.coherens.com\/index.php\/2014\/09\/02\/le-golf-les-golfeurs-et-les-pdg\/\" \/>\n<meta property=\"og:site_name\" content=\"COHeRenS\" \/>\n<meta property=\"article:published_time\" content=\"2014-09-02T13:14:05+00:00\" \/>\n<meta property=\"article:modified_time\" content=\"2016-04-13T18:23:36+00:00\" \/>\n<meta name=\"twitter:card\" content=\"summary\" \/>\n<meta name=\"twitter:creator\" content=\"@bdubreucq\" \/>\n<meta name=\"twitter:site\" content=\"@bdubreucq\" \/>\n<script type=\"application\/ld+json\" class=\"yoast-schema-graph\">{\"@context\":\"https:\/\/schema.org\",\"@graph\":[{\"@type\":\"WebSite\",\"@id\":\"https:\/\/www.coherens.com\/#website\",\"url\":\"https:\/\/www.coherens.com\/\",\"name\":\"COHeRenS\",\"description\":\"LE POTENTIEL HUMAIN AU COEUR DE VOTRE PERFORMANCE\",\"potentialAction\":[{\"@type\":\"SearchAction\",\"target\":\"https:\/\/www.coherens.com\/?s={search_term_string}\",\"query-input\":\"required name=search_term_string\"}],\"inLanguage\":\"fr-FR\"},{\"@type\":\"WebPage\",\"@id\":\"https:\/\/www.coherens.com\/index.php\/2014\/09\/02\/le-golf-les-golfeurs-et-les-pdg\/#webpage\",\"url\":\"https:\/\/www.coherens.com\/index.php\/2014\/09\/02\/le-golf-les-golfeurs-et-les-pdg\/\",\"name\":\"Le golf, les golfeurs et les PDG - COHeRenS\",\"isPartOf\":{\"@id\":\"https:\/\/www.coherens.com\/#website\"},\"datePublished\":\"2014-09-02T13:14:05+00:00\",\"dateModified\":\"2016-04-13T18:23:36+00:00\",\"author\":{\"@id\":\"https:\/\/www.coherens.com\/#\/schema\/person\/d31471db904c4a8b9015b67b90914574\"},\"inLanguage\":\"fr-FR\",\"potentialAction\":[{\"@type\":\"ReadAction\",\"target\":[\"https:\/\/www.coherens.com\/index.php\/2014\/09\/02\/le-golf-les-golfeurs-et-les-pdg\/\"]}]},{\"@type\":\"Person\",\"@id\":\"https:\/\/www.coherens.com\/#\/schema\/person\/d31471db904c4a8b9015b67b90914574\",\"name\":\"bdubreucq\",\"image\":{\"@type\":\"ImageObject\",\"@id\":\"https:\/\/www.coherens.com\/#personlogo\",\"inLanguage\":\"fr-FR\",\"url\":\"https:\/\/secure.gravatar.com\/avatar\/37c61d45de5b0a90ae7fa6eb6e59c906?s=96&d=mm&r=g\",\"caption\":\"bdubreucq\"}}]}<\/script>\n<!-- \/ Yoast SEO plugin. -->","_links":{"self":[{"href":"https:\/\/www.coherens.com\/index.php\/wp-json\/wp\/v2\/posts\/195"}],"collection":[{"href":"https:\/\/www.coherens.com\/index.php\/wp-json\/wp\/v2\/posts"}],"about":[{"href":"https:\/\/www.coherens.com\/index.php\/wp-json\/wp\/v2\/types\/post"}],"author":[{"embeddable":true,"href":"https:\/\/www.coherens.com\/index.php\/wp-json\/wp\/v2\/users\/1"}],"replies":[{"embeddable":true,"href":"https:\/\/www.coherens.com\/index.php\/wp-json\/wp\/v2\/comments?post=195"}],"version-history":[{"count":1,"href":"https:\/\/www.coherens.com\/index.php\/wp-json\/wp\/v2\/posts\/195\/revisions"}],"predecessor-version":[{"id":196,"href":"https:\/\/www.coherens.com\/index.php\/wp-json\/wp\/v2\/posts\/195\/revisions\/196"}],"wp:attachment":[{"href":"https:\/\/www.coherens.com\/index.php\/wp-json\/wp\/v2\/media?parent=195"}],"wp:term":[{"taxonomy":"category","embeddable":true,"href":"https:\/\/www.coherens.com\/index.php\/wp-json\/wp\/v2\/categories?post=195"},{"taxonomy":"post_tag","embeddable":true,"href":"https:\/\/www.coherens.com\/index.php\/wp-json\/wp\/v2\/tags?post=195"}],"curies":[{"name":"wp","href":"https:\/\/api.w.org\/{rel}","templated":true}]}}