{"id":135,"date":"2015-09-30T20:22:54","date_gmt":"2015-09-30T19:22:54","guid":{"rendered":"http:\/\/www.coherens.com\/site\/?p=135"},"modified":"2016-04-14T08:17:54","modified_gmt":"2016-04-14T07:17:54","slug":"les-valeurs-partagees-un-puissant-levier-pour-deployer-une-transformation-culturelle","status":"publish","type":"post","link":"https:\/\/www.coherens.com\/index.php\/2015\/09\/30\/les-valeurs-partagees-un-puissant-levier-pour-deployer-une-transformation-culturelle\/","title":{"rendered":"Les valeurs partag\u00e9es : un puissant levier pour d\u00e9ployer une transformation culturelle"},"content":{"rendered":"<p><strong>LES VALEURS PARTAGEES<br \/>\nUn puissant levier pour d\u00e9ployer une transformation culturelle.<br \/>\n<\/strong><a href=\"http:\/\/www.portailrh.org\/effectif\/\" target=\"_blank\"><em>Publication dans le N\u00b0 Septembre-Octobre 2015 de la revue EFFECTIF \u2013 Ordre CRHA du Qu\u00e9bec.<\/em>\u00a0<\/a><\/p>\n<p>Tranformation culturelle\u2026 un sujet tr\u00e8s actuel, en lien avec les \u00e9volutions strat\u00e9giques indispensables dans un monde qui change \u00e0 grande vitesse. Pourquoi cette transformation est-elle si importante ? Quelles sont les conditions de r\u00e9ussite ? Comment s\u2019appuyer sur l\u2019\u00e9nergie port\u00e9e par les salari\u00e9s pour r\u00e9ussir ?<\/p>\n<p><a href=\"http:\/\/www.portailrh.org\/_Display.aspx?u=%2feffectif%2ffiche.aspx%3fp%3d625428\" target=\"_blank\">Retrouvez l\u2019ensemble de l\u2019article dans la revue Effectif.<\/a><br \/>\n<span style=\"color: #0000ff;\">Pour en recevoir un exemplaire personnel, vous pouvez me contacter (brigitte.dubreucq@coherens.com)<\/span><\/p>\n<p>Et pour en savoir plus sur les Valeurs Partag\u00e9es et <a href=\"https:\/\/www.valuescentre.com\/\" target=\"_blank\">l\u2019approche d\u00e9velopp\u00e9e par Richard Barrett\u2026 c\u2019est ici.<\/a><\/p>\n<h4 style=\"text-align: center;\"><strong><a href=\"http:\/\/brigittedubreucq.com\/blog\/wp-content\/uploads\/2015\/09\/COHeRenS-PVA-2014.pdf\" target=\"_blank\">Et vous quelles sont les valeurs qui vous animent ?<\/a><\/strong><\/h4>\n","protected":false},"excerpt":{"rendered":"<p>LES VALEURS PARTAGEES Un puissant levier pour d\u00e9ployer une transformation culturelle. Publication dans le N\u00b0 Septembre-Octobre 2015 de la revue EFFECTIF \u2013 Ordre CRHA du Qu\u00e9bec.\u00a0 Tranformation culturelle\u2026 un sujet tr\u00e8s actuel, en lien avec les \u00e9volutions strat\u00e9giques indispensables dans un monde qui change \u00e0 grande vitesse. Pourquoi cette transformation est-elle si importante ? Quelles &hellip; <\/p>\n<p><a class=\"more-link btn\" href=\"https:\/\/www.coherens.com\/index.php\/2015\/09\/30\/les-valeurs-partagees-un-puissant-levier-pour-deployer-une-transformation-culturelle\/\">Lire la suite<\/a><\/p>\n","protected":false},"author":1,"featured_media":0,"comment_status":"open","ping_status":"open","sticky":false,"template":"","format":"standard","meta":{"footnotes":""},"categories":[4,5,9],"tags":[18,16,17,15],"class_list":["post-135","post","type-post","status-publish","format-standard","hentry","category-dirigeants","category-rh","category-transformation","tag-barrett","tag-culture","tag-transformation","tag-valeurs","item-wrap"],"yoast_head":"<!-- This site is optimized with the Yoast SEO plugin v14.9 - https:\/\/yoast.com\/wordpress\/plugins\/seo\/ -->\n<title>Les valeurs partag\u00e9es : un puissant levier pour d\u00e9ployer une transformation culturelle - COHeRenS<\/title>\n<meta name=\"robots\" content=\"index, follow, max-snippet:-1, max-image-preview:large, max-video-preview:-1\" \/>\n<link rel=\"canonical\" href=\"https:\/\/www.coherens.com\/index.php\/2015\/09\/30\/les-valeurs-partagees-un-puissant-levier-pour-deployer-une-transformation-culturelle\/\" \/>\n<meta property=\"og:locale\" content=\"fr_FR\" \/>\n<meta property=\"og:type\" content=\"article\" \/>\n<meta property=\"og:title\" content=\"Les valeurs partag\u00e9es : un puissant levier pour d\u00e9ployer une transformation culturelle - COHeRenS\" \/>\n<meta property=\"og:description\" content=\"LES VALEURS PARTAGEES Un puissant levier pour d\u00e9ployer une transformation culturelle. Publication dans le N\u00b0 Septembre-Octobre 2015 de la revue EFFECTIF \u2013 Ordre CRHA du Qu\u00e9bec.\u00a0 Tranformation culturelle\u2026 un sujet tr\u00e8s actuel, en lien avec les \u00e9volutions strat\u00e9giques indispensables dans un monde qui change \u00e0 grande vitesse. Pourquoi cette transformation est-elle si importante ? Quelles &hellip; Lire la suite\" \/>\n<meta property=\"og:url\" content=\"https:\/\/www.coherens.com\/index.php\/2015\/09\/30\/les-valeurs-partagees-un-puissant-levier-pour-deployer-une-transformation-culturelle\/\" \/>\n<meta property=\"og:site_name\" content=\"COHeRenS\" \/>\n<meta property=\"article:published_time\" content=\"2015-09-30T19:22:54+00:00\" \/>\n<meta property=\"article:modified_time\" content=\"2016-04-14T07:17:54+00:00\" \/>\n<meta name=\"twitter:card\" content=\"summary\" \/>\n<meta name=\"twitter:creator\" content=\"@bdubreucq\" \/>\n<meta name=\"twitter:site\" content=\"@bdubreucq\" \/>\n<script type=\"application\/ld+json\" class=\"yoast-schema-graph\">{\"@context\":\"https:\/\/schema.org\",\"@graph\":[{\"@type\":\"WebSite\",\"@id\":\"https:\/\/www.coherens.com\/#website\",\"url\":\"https:\/\/www.coherens.com\/\",\"name\":\"COHeRenS\",\"description\":\"LE POTENTIEL HUMAIN AU COEUR DE VOTRE PERFORMANCE\",\"potentialAction\":[{\"@type\":\"SearchAction\",\"target\":\"https:\/\/www.coherens.com\/?s={search_term_string}\",\"query-input\":\"required name=search_term_string\"}],\"inLanguage\":\"fr-FR\"},{\"@type\":\"WebPage\",\"@id\":\"https:\/\/www.coherens.com\/index.php\/2015\/09\/30\/les-valeurs-partagees-un-puissant-levier-pour-deployer-une-transformation-culturelle\/#webpage\",\"url\":\"https:\/\/www.coherens.com\/index.php\/2015\/09\/30\/les-valeurs-partagees-un-puissant-levier-pour-deployer-une-transformation-culturelle\/\",\"name\":\"Les valeurs partag\\u00e9es : un puissant levier pour d\\u00e9ployer une transformation culturelle - COHeRenS\",\"isPartOf\":{\"@id\":\"https:\/\/www.coherens.com\/#website\"},\"datePublished\":\"2015-09-30T19:22:54+00:00\",\"dateModified\":\"2016-04-14T07:17:54+00:00\",\"author\":{\"@id\":\"https:\/\/www.coherens.com\/#\/schema\/person\/d31471db904c4a8b9015b67b90914574\"},\"inLanguage\":\"fr-FR\",\"potentialAction\":[{\"@type\":\"ReadAction\",\"target\":[\"https:\/\/www.coherens.com\/index.php\/2015\/09\/30\/les-valeurs-partagees-un-puissant-levier-pour-deployer-une-transformation-culturelle\/\"]}]},{\"@type\":\"Person\",\"@id\":\"https:\/\/www.coherens.com\/#\/schema\/person\/d31471db904c4a8b9015b67b90914574\",\"name\":\"bdubreucq\",\"image\":{\"@type\":\"ImageObject\",\"@id\":\"https:\/\/www.coherens.com\/#personlogo\",\"inLanguage\":\"fr-FR\",\"url\":\"https:\/\/secure.gravatar.com\/avatar\/37c61d45de5b0a90ae7fa6eb6e59c906?s=96&d=mm&r=g\",\"caption\":\"bdubreucq\"}}]}<\/script>\n<!-- \/ Yoast SEO plugin. -->","_links":{"self":[{"href":"https:\/\/www.coherens.com\/index.php\/wp-json\/wp\/v2\/posts\/135"}],"collection":[{"href":"https:\/\/www.coherens.com\/index.php\/wp-json\/wp\/v2\/posts"}],"about":[{"href":"https:\/\/www.coherens.com\/index.php\/wp-json\/wp\/v2\/types\/post"}],"author":[{"embeddable":true,"href":"https:\/\/www.coherens.com\/index.php\/wp-json\/wp\/v2\/users\/1"}],"replies":[{"embeddable":true,"href":"https:\/\/www.coherens.com\/index.php\/wp-json\/wp\/v2\/comments?post=135"}],"version-history":[{"count":4,"href":"https:\/\/www.coherens.com\/index.php\/wp-json\/wp\/v2\/posts\/135\/revisions"}],"predecessor-version":[{"id":289,"href":"https:\/\/www.coherens.com\/index.php\/wp-json\/wp\/v2\/posts\/135\/revisions\/289"}],"wp:attachment":[{"href":"https:\/\/www.coherens.com\/index.php\/wp-json\/wp\/v2\/media?parent=135"}],"wp:term":[{"taxonomy":"category","embeddable":true,"href":"https:\/\/www.coherens.com\/index.php\/wp-json\/wp\/v2\/categories?post=135"},{"taxonomy":"post_tag","embeddable":true,"href":"https:\/\/www.coherens.com\/index.php\/wp-json\/wp\/v2\/tags?post=135"}],"curies":[{"name":"wp","href":"https:\/\/api.w.org\/{rel}","templated":true}]}}