{"id":1011,"date":"2020-04-30T13:27:00","date_gmt":"2020-04-30T12:27:00","guid":{"rendered":"http:\/\/www.coherens.com\/?p=1011"},"modified":"2020-05-04T14:31:45","modified_gmt":"2020-05-04T13:31:45","slug":"quel-impact-du-covid-19-sur-nos-valeurs","status":"publish","type":"post","link":"https:\/\/www.coherens.com\/index.php\/2020\/04\/30\/quel-impact-du-covid-19-sur-nos-valeurs\/","title":{"rendered":"Quel Impact du Covid-19 sur nos valeurs ?"},"content":{"rendered":"\n<p>L&rsquo;arriv\u00e9e du Covid-19 dans nos vies personnelles et professionnelles a \u00e9t\u00e9 violente.<\/p>\n\n\n\n<p>Si tout le monde a abandonn\u00e9 l&rsquo;id\u00e9e que l&rsquo;on retrouverait \u00ab\u00a0apr\u00e8s\u00a0\u00bb le monde d&rsquo;avant&#8230; nombreux sont ceux qui voient dans cette crise la v\u00e9rification de leurs proph\u00e9ties et chacun de pousser les id\u00e9es qui lui ch\u00e8res d&rsquo;un monde diff\u00e9rent.<\/p>\n\n\n\n<p>Soyons raisonnables, nous ne savons pas grand chose de ce monde \u00ab\u00a0avec Covid-19\u00a0\u00bb qui nous attend pour un bon moment. <br>Le Barrett Values Centre m\u00e8ne une enqu\u00eate pour \u00e9valuer l&rsquo;impact de cette crise sur la culture de travail dans nos entreprises ; impact sur ce que nous vivons actuellement et impact sur ce qui sera important demain. Y r\u00e9pondre vous demandera \u00e0 peine 10 minutes, et apportera des informations importantes, venues du monde entier pour se pr\u00e9parer \u00e0 demain<\/p>\n\n\n\n<p><strong><em>Vous pouvez y participer jusqu&rsquo;au 5 mai. C\u2019est ici.<\/em><\/strong><\/p>\n\n\n\n<figure class=\"wp-block-image\"><a href=\"https:\/\/survey.valuescentre.com\/survey.html?id=OhBC0zfDaO99OHGlc8torO_4V4qzs1br\" target=\"_blank\" rel=\"noopener noreferrer\"><img decoding=\"async\" src=\"http:\/\/www.coherens.com\/wp-content\/uploads\/2020\/05\/Barrett-Covid.jpg\" alt=\"L\u2019attribut alt de cette image est vide, son nom de fichier est Barrett-Covid.jpg.\"\/><\/a><\/figure>\n\n\n\n<p>Rendez-vous fin mai pour partager les r\u00e9sultats de cette enqu\u00eate mondiale.<br><a rel=\"noreferrer noopener\" href=\"mailto:brigitte.dubreucq@coherens.com\" target=\"_blank\">Si vous souhaitez recevoir les r\u00e9sultats ou participer \u00e0 un atelier, merci de m&rsquo;envoyer votre adresse mail.<\/a><\/p>\n\n\n\n<p><\/p>\n","protected":false},"excerpt":{"rendered":"<p>Le Barrett Values Centre m\u00e8ne une enqu\u00eate pour \u00e9valuer l&rsquo;impact de cette crise sur la culture de travail dans nos entreprises ; impact sur ce que nous vivons actuellement et impact sur ce qui sera important demain.<\/p>\n","protected":false},"author":1,"featured_media":0,"comment_status":"closed","ping_status":"open","sticky":false,"template":"","format":"standard","meta":{"footnotes":""},"categories":[49,5,9],"tags":[18,15],"class_list":["post-1011","post","type-post","status-publish","format-standard","hentry","category-culture-organisationnelle","category-rh","category-transformation","tag-barrett","tag-valeurs","item-wrap"],"yoast_head":"<!-- This site is optimized with the Yoast SEO plugin v14.9 - https:\/\/yoast.com\/wordpress\/plugins\/seo\/ -->\n<title>Quel Impact du Covid-19 sur nos valeurs ? - COHeRenS<\/title>\n<meta name=\"robots\" content=\"index, follow, max-snippet:-1, max-image-preview:large, max-video-preview:-1\" \/>\n<link rel=\"canonical\" href=\"http:\/\/www.coherens.com\/index.php\/2020\/04\/30\/quel-impact-du-covid-19-sur-nos-valeurs\/\" \/>\n<meta property=\"og:locale\" content=\"fr_FR\" \/>\n<meta property=\"og:type\" content=\"article\" \/>\n<meta property=\"og:title\" content=\"Quel Impact du Covid-19 sur nos valeurs ? - COHeRenS\" \/>\n<meta property=\"og:description\" content=\"Le Barrett Values Centre m\u00e8ne une enqu\u00eate pour \u00e9valuer l&#039;impact de cette crise sur la culture de travail dans nos entreprises ; impact sur ce que nous vivons actuellement et impact sur ce qui sera important demain.\" \/>\n<meta property=\"og:url\" content=\"http:\/\/www.coherens.com\/index.php\/2020\/04\/30\/quel-impact-du-covid-19-sur-nos-valeurs\/\" \/>\n<meta property=\"og:site_name\" content=\"COHeRenS\" \/>\n<meta property=\"article:published_time\" content=\"2020-04-30T12:27:00+00:00\" \/>\n<meta property=\"article:modified_time\" content=\"2020-05-04T13:31:45+00:00\" \/>\n<meta property=\"og:image\" content=\"http:\/\/www.coherens.com\/wp-content\/uploads\/2020\/05\/Barrett-Covid.jpg\" \/>\n<meta name=\"twitter:card\" content=\"summary\" \/>\n<meta name=\"twitter:creator\" content=\"@bdubreucq\" \/>\n<meta name=\"twitter:site\" content=\"@bdubreucq\" \/>\n<script type=\"application\/ld+json\" class=\"yoast-schema-graph\">{\"@context\":\"https:\/\/schema.org\",\"@graph\":[{\"@type\":\"WebSite\",\"@id\":\"https:\/\/www.coherens.com\/#website\",\"url\":\"https:\/\/www.coherens.com\/\",\"name\":\"COHeRenS\",\"description\":\"LE POTENTIEL HUMAIN AU COEUR DE VOTRE PERFORMANCE\",\"potentialAction\":[{\"@type\":\"SearchAction\",\"target\":\"https:\/\/www.coherens.com\/?s={search_term_string}\",\"query-input\":\"required name=search_term_string\"}],\"inLanguage\":\"fr-FR\"},{\"@type\":\"ImageObject\",\"@id\":\"http:\/\/www.coherens.com\/index.php\/2020\/04\/30\/quel-impact-du-covid-19-sur-nos-valeurs\/#primaryimage\",\"inLanguage\":\"fr-FR\",\"url\":\"http:\/\/www.coherens.com\/wp-content\/uploads\/2020\/05\/Barrett-Covid.jpg\"},{\"@type\":\"WebPage\",\"@id\":\"http:\/\/www.coherens.com\/index.php\/2020\/04\/30\/quel-impact-du-covid-19-sur-nos-valeurs\/#webpage\",\"url\":\"http:\/\/www.coherens.com\/index.php\/2020\/04\/30\/quel-impact-du-covid-19-sur-nos-valeurs\/\",\"name\":\"Quel Impact du Covid-19 sur nos valeurs ? - COHeRenS\",\"isPartOf\":{\"@id\":\"https:\/\/www.coherens.com\/#website\"},\"primaryImageOfPage\":{\"@id\":\"http:\/\/www.coherens.com\/index.php\/2020\/04\/30\/quel-impact-du-covid-19-sur-nos-valeurs\/#primaryimage\"},\"datePublished\":\"2020-04-30T12:27:00+00:00\",\"dateModified\":\"2020-05-04T13:31:45+00:00\",\"author\":{\"@id\":\"https:\/\/www.coherens.com\/#\/schema\/person\/d31471db904c4a8b9015b67b90914574\"},\"inLanguage\":\"fr-FR\",\"potentialAction\":[{\"@type\":\"ReadAction\",\"target\":[\"http:\/\/www.coherens.com\/index.php\/2020\/04\/30\/quel-impact-du-covid-19-sur-nos-valeurs\/\"]}]},{\"@type\":\"Person\",\"@id\":\"https:\/\/www.coherens.com\/#\/schema\/person\/d31471db904c4a8b9015b67b90914574\",\"name\":\"bdubreucq\",\"image\":{\"@type\":\"ImageObject\",\"@id\":\"https:\/\/www.coherens.com\/#personlogo\",\"inLanguage\":\"fr-FR\",\"url\":\"https:\/\/secure.gravatar.com\/avatar\/37c61d45de5b0a90ae7fa6eb6e59c906?s=96&d=mm&r=g\",\"caption\":\"bdubreucq\"}}]}<\/script>\n<!-- \/ Yoast SEO plugin. -->","_links":{"self":[{"href":"https:\/\/www.coherens.com\/index.php\/wp-json\/wp\/v2\/posts\/1011"}],"collection":[{"href":"https:\/\/www.coherens.com\/index.php\/wp-json\/wp\/v2\/posts"}],"about":[{"href":"https:\/\/www.coherens.com\/index.php\/wp-json\/wp\/v2\/types\/post"}],"author":[{"embeddable":true,"href":"https:\/\/www.coherens.com\/index.php\/wp-json\/wp\/v2\/users\/1"}],"replies":[{"embeddable":true,"href":"https:\/\/www.coherens.com\/index.php\/wp-json\/wp\/v2\/comments?post=1011"}],"version-history":[{"count":7,"href":"https:\/\/www.coherens.com\/index.php\/wp-json\/wp\/v2\/posts\/1011\/revisions"}],"predecessor-version":[{"id":1021,"href":"https:\/\/www.coherens.com\/index.php\/wp-json\/wp\/v2\/posts\/1011\/revisions\/1021"}],"wp:attachment":[{"href":"https:\/\/www.coherens.com\/index.php\/wp-json\/wp\/v2\/media?parent=1011"}],"wp:term":[{"taxonomy":"category","embeddable":true,"href":"https:\/\/www.coherens.com\/index.php\/wp-json\/wp\/v2\/categories?post=1011"},{"taxonomy":"post_tag","embeddable":true,"href":"https:\/\/www.coherens.com\/index.php\/wp-json\/wp\/v2\/tags?post=1011"}],"curies":[{"name":"wp","href":"https:\/\/api.w.org\/{rel}","templated":true}]}}