{"id":1,"date":"2016-04-07T14:30:32","date_gmt":"2016-04-07T13:30:32","guid":{"rendered":"http:\/\/www.coherens.com\/site\/?p=1"},"modified":"2016-04-19T18:44:34","modified_gmt":"2016-04-19T17:44:34","slug":"un-nouveau-site-pour-coherens","status":"publish","type":"post","link":"https:\/\/www.coherens.com\/index.php\/2016\/04\/07\/un-nouveau-site-pour-coherens\/","title":{"rendered":"Un nouveau site pour COHeRenS"},"content":{"rendered":"<p>Pourquoi changer ?<\/p>\n<p>Quatre ans apr\u00e8s avoir lanc\u00e9 mon activit\u00e9 de Conseil en Leadership et Gouvernance RH, j&rsquo;ai souhait\u00e9 mieux valoriser\u00a0ce qui fonde aujourd&rsquo;hui mon activit\u00e9 principale, autour des enjeux de transformation. Transformation organisationnelle, transformation culturelle, transformation personnelle. Ces trois dimensions sont \u00e9troitement associ\u00e9es.<\/p>\n<p>J&rsquo;ai souhait\u00e9 aussi donner plus de place aux actualit\u00e9s en les mettant en avant, et associer dans un m\u00eame espace num\u00e9rique le site de COHeRenS et mon blog (brigitte.dubreucq.com)<\/p>\n<p>&nbsp;<\/p>\n<p>J&rsquo;ai rassembl\u00e9 un certain nombre d&rsquo;approches, de m\u00e9thodes, d&rsquo;outils que je combine \u00e0 loisir en fonction des besoins de mes clients, dans des configurations toujours uniques, car chaque histoire, chaque situation, chaque voyage est singulier.<\/p>\n<p>Des solutions co-construites avec vous, des solutions dont vous \u00eates le principal acteur.<\/p>\n<p><img loading=\"lazy\" decoding=\"async\" class=\"size-medium wp-image-21 aligncenter\" src=\"http:\/\/www.coherens.com\/site\/wp-content\/uploads\/2016\/04\/Coherens-Gouv-et-Leader-300x269.jpg\" alt=\"Coherens Gouv et Leader\" width=\"300\" height=\"269\" srcset=\"https:\/\/www.coherens.com\/wp-content\/uploads\/2016\/04\/Coherens-Gouv-et-Leader-300x269.jpg 300w, https:\/\/www.coherens.com\/wp-content\/uploads\/2016\/04\/Coherens-Gouv-et-Leader-768x688.jpg 768w, https:\/\/www.coherens.com\/wp-content\/uploads\/2016\/04\/Coherens-Gouv-et-Leader.jpg 769w\" sizes=\"(max-width: 300px) 100vw, 300px\" \/><\/p>\n<p>&nbsp;<\/p>\n<p>&nbsp;<\/p>\n<p>&nbsp;<\/p>\n<p>&nbsp;<\/p>\n<p>&nbsp;<\/p>\n<p>&nbsp;<\/p>\n<p>&nbsp;<\/p>\n","protected":false},"excerpt":{"rendered":"<p>Pourquoi changer ? Quatre ans apr\u00e8s avoir lanc\u00e9 mon activit\u00e9 de Conseil en Leadership et Gouvernance RH, j&rsquo;ai souhait\u00e9 mieux valoriser\u00a0ce qui fonde aujourd&rsquo;hui mon activit\u00e9 principale, autour des enjeux de transformation. Transformation organisationnelle, transformation culturelle, transformation personnelle. Ces trois dimensions sont \u00e9troitement associ\u00e9es. J&rsquo;ai souhait\u00e9 aussi donner plus de place aux actualit\u00e9s en les &hellip; <\/p>\n<p><a class=\"more-link btn\" href=\"https:\/\/www.coherens.com\/index.php\/2016\/04\/07\/un-nouveau-site-pour-coherens\/\">Lire la suite<\/a><\/p>\n","protected":false},"author":1,"featured_media":0,"comment_status":"open","ping_status":"open","sticky":false,"template":"","format":"standard","meta":{"footnotes":""},"categories":[1],"tags":[],"class_list":["post-1","post","type-post","status-publish","format-standard","hentry","category-non-classe","item-wrap"],"yoast_head":"<!-- This site is optimized with the Yoast SEO plugin v14.9 - https:\/\/yoast.com\/wordpress\/plugins\/seo\/ -->\n<title>Un nouveau site pour COHeRenS - COHeRenS<\/title>\n<meta name=\"robots\" content=\"index, follow, max-snippet:-1, max-image-preview:large, max-video-preview:-1\" \/>\n<link rel=\"canonical\" href=\"https:\/\/www.coherens.com\/index.php\/2016\/04\/07\/un-nouveau-site-pour-coherens\/\" \/>\n<meta property=\"og:locale\" content=\"fr_FR\" \/>\n<meta property=\"og:type\" content=\"article\" \/>\n<meta property=\"og:title\" content=\"Un nouveau site pour COHeRenS - COHeRenS\" \/>\n<meta property=\"og:description\" content=\"Pourquoi changer ? Quatre ans apr\u00e8s avoir lanc\u00e9 mon activit\u00e9 de Conseil en Leadership et Gouvernance RH, j&rsquo;ai souhait\u00e9 mieux valoriser\u00a0ce qui fonde aujourd&rsquo;hui mon activit\u00e9 principale, autour des enjeux de transformation. Transformation organisationnelle, transformation culturelle, transformation personnelle. Ces trois dimensions sont \u00e9troitement associ\u00e9es. J&rsquo;ai souhait\u00e9 aussi donner plus de place aux actualit\u00e9s en les &hellip; Lire la suite\" \/>\n<meta property=\"og:url\" content=\"https:\/\/www.coherens.com\/index.php\/2016\/04\/07\/un-nouveau-site-pour-coherens\/\" \/>\n<meta property=\"og:site_name\" content=\"COHeRenS\" \/>\n<meta property=\"article:published_time\" content=\"2016-04-07T13:30:32+00:00\" \/>\n<meta property=\"article:modified_time\" content=\"2016-04-19T17:44:34+00:00\" \/>\n<meta property=\"og:image\" content=\"http:\/\/www.coherens.com\/site\/wp-content\/uploads\/2016\/04\/Coherens-Gouv-et-Leader-300x269.jpg\" \/>\n<meta name=\"twitter:card\" content=\"summary\" \/>\n<meta name=\"twitter:creator\" content=\"@bdubreucq\" \/>\n<meta name=\"twitter:site\" content=\"@bdubreucq\" \/>\n<script type=\"application\/ld+json\" class=\"yoast-schema-graph\">{\"@context\":\"https:\/\/schema.org\",\"@graph\":[{\"@type\":\"WebSite\",\"@id\":\"https:\/\/www.coherens.com\/#website\",\"url\":\"https:\/\/www.coherens.com\/\",\"name\":\"COHeRenS\",\"description\":\"LE POTENTIEL HUMAIN AU COEUR DE VOTRE PERFORMANCE\",\"potentialAction\":[{\"@type\":\"SearchAction\",\"target\":\"https:\/\/www.coherens.com\/?s={search_term_string}\",\"query-input\":\"required name=search_term_string\"}],\"inLanguage\":\"fr-FR\"},{\"@type\":\"ImageObject\",\"@id\":\"https:\/\/www.coherens.com\/index.php\/2016\/04\/07\/un-nouveau-site-pour-coherens\/#primaryimage\",\"inLanguage\":\"fr-FR\",\"url\":\"http:\/\/www.coherens.com\/site\/wp-content\/uploads\/2016\/04\/Coherens-Gouv-et-Leader-300x269.jpg\"},{\"@type\":\"WebPage\",\"@id\":\"https:\/\/www.coherens.com\/index.php\/2016\/04\/07\/un-nouveau-site-pour-coherens\/#webpage\",\"url\":\"https:\/\/www.coherens.com\/index.php\/2016\/04\/07\/un-nouveau-site-pour-coherens\/\",\"name\":\"Un nouveau site pour COHeRenS - COHeRenS\",\"isPartOf\":{\"@id\":\"https:\/\/www.coherens.com\/#website\"},\"primaryImageOfPage\":{\"@id\":\"https:\/\/www.coherens.com\/index.php\/2016\/04\/07\/un-nouveau-site-pour-coherens\/#primaryimage\"},\"datePublished\":\"2016-04-07T13:30:32+00:00\",\"dateModified\":\"2016-04-19T17:44:34+00:00\",\"author\":{\"@id\":\"https:\/\/www.coherens.com\/#\/schema\/person\/d31471db904c4a8b9015b67b90914574\"},\"inLanguage\":\"fr-FR\",\"potentialAction\":[{\"@type\":\"ReadAction\",\"target\":[\"https:\/\/www.coherens.com\/index.php\/2016\/04\/07\/un-nouveau-site-pour-coherens\/\"]}]},{\"@type\":\"Person\",\"@id\":\"https:\/\/www.coherens.com\/#\/schema\/person\/d31471db904c4a8b9015b67b90914574\",\"name\":\"bdubreucq\",\"image\":{\"@type\":\"ImageObject\",\"@id\":\"https:\/\/www.coherens.com\/#personlogo\",\"inLanguage\":\"fr-FR\",\"url\":\"https:\/\/secure.gravatar.com\/avatar\/37c61d45de5b0a90ae7fa6eb6e59c906?s=96&d=mm&r=g\",\"caption\":\"bdubreucq\"}}]}<\/script>\n<!-- \/ Yoast SEO plugin. -->","_links":{"self":[{"href":"https:\/\/www.coherens.com\/index.php\/wp-json\/wp\/v2\/posts\/1"}],"collection":[{"href":"https:\/\/www.coherens.com\/index.php\/wp-json\/wp\/v2\/posts"}],"about":[{"href":"https:\/\/www.coherens.com\/index.php\/wp-json\/wp\/v2\/types\/post"}],"author":[{"embeddable":true,"href":"https:\/\/www.coherens.com\/index.php\/wp-json\/wp\/v2\/users\/1"}],"replies":[{"embeddable":true,"href":"https:\/\/www.coherens.com\/index.php\/wp-json\/wp\/v2\/comments?post=1"}],"version-history":[{"count":8,"href":"https:\/\/www.coherens.com\/index.php\/wp-json\/wp\/v2\/posts\/1\/revisions"}],"predecessor-version":[{"id":323,"href":"https:\/\/www.coherens.com\/index.php\/wp-json\/wp\/v2\/posts\/1\/revisions\/323"}],"wp:attachment":[{"href":"https:\/\/www.coherens.com\/index.php\/wp-json\/wp\/v2\/media?parent=1"}],"wp:term":[{"taxonomy":"category","embeddable":true,"href":"https:\/\/www.coherens.com\/index.php\/wp-json\/wp\/v2\/categories?post=1"},{"taxonomy":"post_tag","embeddable":true,"href":"https:\/\/www.coherens.com\/index.php\/wp-json\/wp\/v2\/tags?post=1"}],"curies":[{"name":"wp","href":"https:\/\/api.w.org\/{rel}","templated":true}]}}